{"id":157558,"date":"2025-11-19T11:55:10","date_gmt":"2025-11-19T11:55:10","guid":{"rendered":"https:\/\/www.europesays.com\/pt\/157558\/"},"modified":"2025-11-19T11:55:10","modified_gmt":"2025-11-19T11:55:10","slug":"dai-me-paciencia-fabiana-justus-rebate-comentario-indelicado","status":"publish","type":"post","link":"https:\/\/www.europesays.com\/pt\/157558\/","title":{"rendered":"&#8216;Dai-me paci\u00eancia&#8217;: Fabiana Justus rebate coment\u00e1rio indelicado"},"content":{"rendered":"<p>A influenciadora <a href=\"https:\/\/caras.com.br\/tags\/fabiana-justus\" rel=\"nofollow noopener\" target=\"_blank\"><strong>Fabiana Justus<\/strong><\/a> voltou a chamar aten\u00e7\u00e3o nas redes sociais nesta ter\u00e7a-feira (18) ap\u00f3s responder, sem rodeios, a um coment\u00e1rio considerado invasivo. A <a href=\"https:\/\/caras.com.br\/bem-estar\/fabiana-justus-responde-apos-ler-que-seu-cabelo-esta-demorando-a-crescer-realmente.phtml\" rel=\"nofollow noopener\" target=\"_blank\">situa\u00e7\u00e3o rapidamente repercutiu<\/a>, especialmente pela resposta direta e pelo motivo delicado que justificou a fala da criadora de conte\u00fado.<\/p>\n<p>A troca de mensagens come\u00e7ou quando uma internauta sugeriu que Fabiana deveria pegar sol. A seguidora escreveu: \u201cPega um solzinho nas pernas, vai te fazer bem\u201d. A frase, aparentemente simples, foi interpretada pela influenciadora como inadequada diante do contexto de sa\u00fade que ela enfrenta.<\/p>\n<p> Fabiana Justus explica por que n\u00e3o pode tomar sol <\/p>\n<p>Em sua resposta, Fabiana n\u00e3o s\u00f3 manteve a educa\u00e7\u00e3o, como tamb\u00e9m esclareceu uma informa\u00e7\u00e3o importante sobre seu tratamento. A influenciadora respondeu:<\/p>\n<p>\u201cOi querida, tudo bem?! Obrigada pela dica super desnecess\u00e1ria\u2026 mas eu passei por um transplante de medula \u00f3ssea, e infelizmente preciso ficar 2 anos sem nada de sol\u201d.<\/p>\n<p><strong>Leia tamb\u00e9m<\/strong>: <a href=\"https:\/\/caras.com.br\/atualidades\/fabiana-justus-revela-regra-curiosa-para-parcelar-compras-uso.phtml\" rel=\"nofollow noopener\" target=\"_blank\">Fabiana Justus revela regra curiosa para parcelar compras: \u2018Uso\u2019<\/a><\/p>\n<p> Rea\u00e7\u00e3o de Fabiana Justus viraliza ap\u00f3s coment\u00e1rio <\/p>\n<p>Depois da resposta, Fabiana ainda repostou o print da intera\u00e7\u00e3o em seus Stories. Na imagem, ela adicionou uma frase curta e direta, deixando clara sua exaust\u00e3o com coment\u00e1rios desse tipo: \u201cDai-me paci\u00eancia\u201d.<\/p>\n<p> <img loading=\"lazy\" decoding=\"async\" class=\"wp-image-1033274 size-full img-fluid lazy\" alt=\"\" width=\"1080\" height=\"1875\" src=\"https:\/\/www.europesays.com\/pt\/wp-content\/uploads\/2025\/11\/resposta-de-fabiana-justus.jpg\"  \/>Fabiana Justus responde coment\u00e1rio indelicado \u2013 Foto: Instagram <\/p>\n<p><strong>CONFIRA PUBLICA\u00c7\u00c3O RECENTE DA CARAS BRASIL NAS\u00a0<a href=\"https:\/\/www.instagram.com\/carasbrasil\/\" rel=\"nofollow noopener\" target=\"_blank\">REDES SOCIAIS:<\/a><\/strong><\/p>\n<blockquote class=\"instagram-media\" style=\"background: #FFF; border: 0; border-radius: 3px; box-shadow: 0 0 1px 0 rgba(0,0,0,0.5),0 1px 10px 0 rgba(0,0,0,0.15); margin: 1px; max-width: 540px; min-width: 326px; padding: 0; width: calc(100% - 2px);\" data-instgrm-permalink=\"https:\/\/www.instagram.com\/p\/DRAdbcpkblo\/?utm_source=ig_embed&amp;utm_campaign=loading\" data-instgrm-version=\"14\"><\/blockquote>\n<p>        <a href=\"https:\/\/caras.com.br\/autor\/gabriela-cunha\" rel=\"nofollow noopener\" target=\"_blank\">&#13;<br \/>\n          <img alt=\"Gabriela Cunha\" src=\"https:\/\/www.europesays.com\/pt\/wp-content\/uploads\/2025\/11\/1763553310_886_33851544c4281386abbb6d5018d2c5b6d6eba8c7bd770ad253be76a6a4a0a488\"  class=\"avatar avatar-115 photo rounded-circle mr-3\" height=\"115\" width=\"115\" loading=\"lazy\" decoding=\"async\"\/>        <\/a><\/p>\n<p><strong>GABRIELA CUNHA<\/strong> \u00e9 formada em Jornalismo pela UPM. Transformou uma paix\u00e3o em profiss\u00e3o e, agora, escreve sobre novelas, TV e celebridades<\/p>\n<p>\t                                            <script async src=\"\/\/www.instagram.com\/embed.js\"><\/script><\/p>\n","protected":false},"excerpt":{"rendered":"A influenciadora Fabiana Justus voltou a chamar aten\u00e7\u00e3o nas redes sociais nesta ter\u00e7a-feira (18) ap\u00f3s responder, sem rodeios,&hellip;\n","protected":false},"author":2,"featured_media":157559,"comment_status":"","ping_status":"","sticky":false,"template":"","format":"standard","meta":{"footnotes":""},"categories":[145],"tags":[211,210,114,115,14920,32,33],"class_list":{"0":"post-157558","1":"post","2":"type-post","3":"status-publish","4":"format-standard","5":"has-post-thumbnail","7":"category-celebridades","8":"tag-celebridades","9":"tag-celebrities","10":"tag-entertainment","11":"tag-entretenimento","12":"tag-fabiana-justus","13":"tag-portugal","14":"tag-pt"},"share_on_mastodon":{"url":"https:\/\/pubeurope.com\/@pt\/115576237248299633","error":""},"_links":{"self":[{"href":"https:\/\/www.europesays.com\/pt\/wp-json\/wp\/v2\/posts\/157558","targetHints":{"allow":["GET"]}}],"collection":[{"href":"https:\/\/www.europesays.com\/pt\/wp-json\/wp\/v2\/posts"}],"about":[{"href":"https:\/\/www.europesays.com\/pt\/wp-json\/wp\/v2\/types\/post"}],"author":[{"embeddable":true,"href":"https:\/\/www.europesays.com\/pt\/wp-json\/wp\/v2\/users\/2"}],"replies":[{"embeddable":true,"href":"https:\/\/www.europesays.com\/pt\/wp-json\/wp\/v2\/comments?post=157558"}],"version-history":[{"count":0,"href":"https:\/\/www.europesays.com\/pt\/wp-json\/wp\/v2\/posts\/157558\/revisions"}],"wp:featuredmedia":[{"embeddable":true,"href":"https:\/\/www.europesays.com\/pt\/wp-json\/wp\/v2\/media\/157559"}],"wp:attachment":[{"href":"https:\/\/www.europesays.com\/pt\/wp-json\/wp\/v2\/media?parent=157558"}],"wp:term":[{"taxonomy":"category","embeddable":true,"href":"https:\/\/www.europesays.com\/pt\/wp-json\/wp\/v2\/categories?post=157558"},{"taxonomy":"post_tag","embeddable":true,"href":"https:\/\/www.europesays.com\/pt\/wp-json\/wp\/v2\/tags?post=157558"}],"curies":[{"name":"wp","href":"https:\/\/api.w.org\/{rel}","templated":true}]}}