{"id":157563,"date":"2025-11-19T12:00:22","date_gmt":"2025-11-19T12:00:22","guid":{"rendered":"https:\/\/www.europesays.com\/pt\/157563\/"},"modified":"2025-11-19T12:00:22","modified_gmt":"2025-11-19T12:00:22","slug":"pantera-negra-3-com-denzel-washington-no-elenco-vai-sair-antes-do-previsto-afirma-diretor-filmes","status":"publish","type":"post","link":"https:\/\/www.europesays.com\/pt\/157563\/","title":{"rendered":"&#8216;Pantera Negra 3&#8217;, com Denzel Washington no elenco, vai sair antes do previsto, afirma diretor | Filmes"},"content":{"rendered":"\n<p class=\" content-text__container \" data-track-category=\"Link no Texto\" data-track-links=\"\"> A boa not\u00edcia \u00e9 que tudo isso acontecer\u00e1 antes do que se previa, segundo informou Ryan Coogler, em um evento do site &#8216;Deadline&#8217;, especializado na cobertura de Hollywood. Segundo o cineasta, que este ano est\u00e1 entre o cotados para o Oscar de Melhor Dire\u00e7\u00e3o por &#8216;Pecadores&#8217;, &#8216;Pantera Negra&#8217; j\u00e1 est\u00e1 em produ\u00e7\u00e3o. &#8220;Estamos trabalhando no fikme. Estamos trabalhando duro. \u00c9 o pr\u00f3ximo [\u2026] Sim, \u00e9 o pr\u00f3ximo filme&#8221;, deixou escapar, por\u00e9m, deixando claro que n\u00e3o pode de nenhuma forma vazar qualquer detalhe sobre a trama. <\/p>\n","protected":false},"excerpt":{"rendered":"A boa not\u00edcia \u00e9 que tudo isso acontecer\u00e1 antes do que se previa, segundo informou Ryan Coogler, em&hellip;\n","protected":false},"author":2,"featured_media":157564,"comment_status":"","ping_status":"","sticky":false,"template":"","format":"standard","meta":{"footnotes":""},"categories":[140],"tags":[114,115,147,148,146,32,33],"class_list":{"0":"post-157563","1":"post","2":"type-post","3":"status-publish","4":"format-standard","5":"has-post-thumbnail","7":"category-filmes","8":"tag-entertainment","9":"tag-entretenimento","10":"tag-film","11":"tag-filmes","12":"tag-movies","13":"tag-portugal","14":"tag-pt"},"share_on_mastodon":{"url":"https:\/\/pubeurope.com\/@pt\/115576256933538091","error":""},"_links":{"self":[{"href":"https:\/\/www.europesays.com\/pt\/wp-json\/wp\/v2\/posts\/157563","targetHints":{"allow":["GET"]}}],"collection":[{"href":"https:\/\/www.europesays.com\/pt\/wp-json\/wp\/v2\/posts"}],"about":[{"href":"https:\/\/www.europesays.com\/pt\/wp-json\/wp\/v2\/types\/post"}],"author":[{"embeddable":true,"href":"https:\/\/www.europesays.com\/pt\/wp-json\/wp\/v2\/users\/2"}],"replies":[{"embeddable":true,"href":"https:\/\/www.europesays.com\/pt\/wp-json\/wp\/v2\/comments?post=157563"}],"version-history":[{"count":0,"href":"https:\/\/www.europesays.com\/pt\/wp-json\/wp\/v2\/posts\/157563\/revisions"}],"wp:featuredmedia":[{"embeddable":true,"href":"https:\/\/www.europesays.com\/pt\/wp-json\/wp\/v2\/media\/157564"}],"wp:attachment":[{"href":"https:\/\/www.europesays.com\/pt\/wp-json\/wp\/v2\/media?parent=157563"}],"wp:term":[{"taxonomy":"category","embeddable":true,"href":"https:\/\/www.europesays.com\/pt\/wp-json\/wp\/v2\/categories?post=157563"},{"taxonomy":"post_tag","embeddable":true,"href":"https:\/\/www.europesays.com\/pt\/wp-json\/wp\/v2\/tags?post=157563"}],"curies":[{"name":"wp","href":"https:\/\/api.w.org\/{rel}","templated":true}]}}