{"id":157573,"date":"2025-11-19T12:07:15","date_gmt":"2025-11-19T12:07:15","guid":{"rendered":"https:\/\/www.europesays.com\/pt\/157573\/"},"modified":"2025-11-19T12:07:15","modified_gmt":"2025-11-19T12:07:15","slug":"antonio-filipe-vs-marques-mendes-era-para-ter-sido-um-debate-intenso-cronica","status":"publish","type":"post","link":"https:\/\/www.europesays.com\/pt\/157573\/","title":{"rendered":"Ant\u00f3nio Filipe vs. Marques Mendes. Era para ter sido um debate intenso | Cr\u00f3nica"},"content":{"rendered":"<p data-end=\"216\" data-start=\"151\"><a href=\"https:\/\/www.publico.pt\/antonio-filipe\" rel=\"nofollow noopener\" target=\"_blank\">Ant\u00f3nio Filipe<\/a>, candidato presidencial apoiado pelo PCP, e <a href=\"https:\/\/www.publico.pt\/marques-mendes\" rel=\"nofollow noopener\" target=\"_blank\">Lu\u00eds Marques Mendes<\/a>, candidato com o apoio de sociais-democratas e o aval de alguns militantes do CDS, reuniam todas as condi\u00e7\u00f5es para protagonizar um debate intenso. E foi, de facto, um debate \u2014 mas morno.<\/p>\n<p data-end=\"934\" data-start=\"499\"><a href=\"https:\/\/www.publico.pt\/2025\/11\/18\/politica\/noticia\/lei-laboral-ucrania-marques-mendes-antonio-filipe-concordaram-discordar-2155140\" rel=\"nofollow noopener\" target=\"_blank\">Ao longo de 30 minutos<\/a>, os dois candidatos \u00e0 Presid\u00eancia da Rep\u00fablica revelaram sentido de Estado e a serenidade necess\u00e1ria para discutir o que um Presidente da Rep\u00fablica \u2014 figura sem poder directo para alterar a governa\u00e7\u00e3o \u2014 pode fazer para melhorar o pa\u00eds, seja l\u00e1 o que cada um entenda por isso. Depois do <a href=\"https:\/\/www.publico.pt\/2025\/11\/18\/politica\/noticia\/ganhou-debate-seguro-ventura-2155004\" rel=\"nofollow noopener\" target=\"_blank\">aceso confronto televisivo<\/a> entre Andr\u00e9 Ventura e Jos\u00e9 Ant\u00f3nio Seguro, na segunda-feira, este encontro come\u00e7ou por ser, em certa medida, refrescante pela diferen\u00e7a.<\/p>\n<p data-end=\"1124\" data-start=\"936\">Mas o que acabou por sobressair foi a aus\u00eancia de qualquer lampejo \u2014 de um lado e do outro. Transpareceu mais um respeito m\u00fatuo que quase ro\u00e7ou o embara\u00e7o sempre que tiveram de se confrontar. Trocaram elogios v\u00e1rias vezes. E desperdi\u00e7aram uma boa oportunidade de tentar alargar os seus eleitorados tradicionais.<\/p>\n<p data-end=\"1730\" data-start=\"1333\">Ambos defenderam o direito \u00e0 greve por causa da <a href=\"https:\/\/www.publico.pt\/2025\/11\/18\/politica\/noticia\/ganhou-debate-seguro-ventura-2155004\" rel=\"nofollow noopener\" target=\"_blank\">revis\u00e3o das leis laborais<\/a>, ainda que com nuances diferentes: Marques Mendes insistiu que \u201cn\u00e3o devemos dramatizar\u201d; Ant\u00f3nio Filipe lembrou que \u00e9 \u201co candidato dos trabalhadores\u201d e que o advers\u00e1rio representa o Governo que quer fazer altera\u00e7\u00f5es \u00e0s leis laborais. Mas Marques Mendes refor\u00e7ou que \u201co problema n\u00e3o termina com a greve\u201d e apelou \u00e0 \u201cpaz social\u201d \u2014 sem, no entanto, clarificar como l\u00e1 chegar.<\/p>\n<p data-end=\"2192\" data-start=\"1732\">Tamb\u00e9m se posicionaram em lados opostos quanto \u00e0 celebra\u00e7\u00e3o do <a href=\"https:\/\/www.publico.pt\/2025\/11\/13\/politica\/noticia\/marcelo-comemora-quatro-vezes-25-novembro-2154511\" rel=\"nofollow noopener\" target=\"_blank\">25 de Novembro<\/a>, mas com uma calma quase sonolenta. Ant\u00f3nio Filipe criticou o que considera ser uma tentativa de reescrever a hist\u00f3ria, apontando para uma cerim\u00f3nia que procura \u201cmenorizar o 25 de Abril\u201d e na qual n\u00e3o pretende participar; Marques Mendes, por sua vez, enalteceu que o \u201c25 de Novembro tamb\u00e9m deve ser comemorado\u201d, defendendo que \u201crestituiu ao pa\u00eds a pureza dos ideais do 25 de Abril\u201d.<\/p>\n<p data-end=\"2454\" data-start=\"2194\">No tema da estabilidade, houve acordo na express\u00e3o, mas uma vez mais com focos distintos: Marques Mendes sublinhou a import\u00e2ncia da estabilidade pol\u00edtica e afastou a hip\u00f3tese de elei\u00e7\u00f5es antecipadas; Ant\u00f3nio Filipe preferiu destacar a necessidade de \u201cestabilidade de vida\u201d.<\/p>\n<p data-end=\"2905\" data-start=\"2456\">Depois veio a Ucr\u00e2nia. E a\u00ed aqueceu e foi bem claro que os dois habitam mundos diferentes. Ambos defendem a paz, mas enquanto Ant\u00f3nio Filipe falou em \u201cmedia\u00e7\u00e3o\u201d, Marques Mendes aproveitou para colocar o advers\u00e1rio em xeque: \u201cComo \u00e9 poss\u00edvel, entre Putin e Zelensky, escolher Putin?\u201d, questionou. Ant\u00f3nio Filipe fugiu, remetendo para os acontecimentos de 2014, com a anexa\u00e7\u00e3o da Crimeia, e n\u00e3o para 2022, ano da invas\u00e3o da Ucr\u00e2nia.<\/p>\n<p data-end=\"3049\" data-start=\"2907\">Quem venceu? Tudo indica que ningu\u00e9m. Ter\u00e1 sido um empate \u2014 claro e muito morno. A haver um vencedor, s\u00f3 poder\u00e1 ser um: quem moderou o debate.<\/p>\n","protected":false},"excerpt":{"rendered":"Ant\u00f3nio Filipe, candidato presidencial apoiado pelo PCP, e Lu\u00eds Marques Mendes, candidato com o apoio de sociais-democratas e&hellip;\n","protected":false},"author":2,"featured_media":157574,"comment_status":"","ping_status":"","sticky":false,"template":"","format":"standard","meta":{"footnotes":""},"categories":[10],"tags":[27,28,1404,15,16,14,25,26,21,22,12,13,19,20,542,52,32,1076,23,24,33,17,18,29,30,31],"class_list":{"0":"post-157573","1":"post","2":"type-post","3":"status-publish","4":"format-standard","5":"has-post-thumbnail","7":"category-portugal","8":"tag-breaking-news","9":"tag-breakingnews","10":"tag-cronica","11":"tag-featured-news","12":"tag-featurednews","13":"tag-headlines","14":"tag-latest-news","15":"tag-latestnews","16":"tag-main-news","17":"tag-mainnews","18":"tag-news","19":"tag-noticias","20":"tag-noticias-principais","21":"tag-noticiasprincipais","22":"tag-para-redes","23":"tag-politica","24":"tag-portugal","25":"tag-presidenciais-2026","26":"tag-principais-noticias","27":"tag-principaisnoticias","28":"tag-pt","29":"tag-top-stories","30":"tag-topstories","31":"tag-ultimas","32":"tag-ultimas-noticias","33":"tag-ultimasnoticias"},"share_on_mastodon":{"url":"https:\/\/pubeurope.com\/@pt\/115576284336036392","error":""},"_links":{"self":[{"href":"https:\/\/www.europesays.com\/pt\/wp-json\/wp\/v2\/posts\/157573","targetHints":{"allow":["GET"]}}],"collection":[{"href":"https:\/\/www.europesays.com\/pt\/wp-json\/wp\/v2\/posts"}],"about":[{"href":"https:\/\/www.europesays.com\/pt\/wp-json\/wp\/v2\/types\/post"}],"author":[{"embeddable":true,"href":"https:\/\/www.europesays.com\/pt\/wp-json\/wp\/v2\/users\/2"}],"replies":[{"embeddable":true,"href":"https:\/\/www.europesays.com\/pt\/wp-json\/wp\/v2\/comments?post=157573"}],"version-history":[{"count":0,"href":"https:\/\/www.europesays.com\/pt\/wp-json\/wp\/v2\/posts\/157573\/revisions"}],"wp:featuredmedia":[{"embeddable":true,"href":"https:\/\/www.europesays.com\/pt\/wp-json\/wp\/v2\/media\/157574"}],"wp:attachment":[{"href":"https:\/\/www.europesays.com\/pt\/wp-json\/wp\/v2\/media?parent=157573"}],"wp:term":[{"taxonomy":"category","embeddable":true,"href":"https:\/\/www.europesays.com\/pt\/wp-json\/wp\/v2\/categories?post=157573"},{"taxonomy":"post_tag","embeddable":true,"href":"https:\/\/www.europesays.com\/pt\/wp-json\/wp\/v2\/tags?post=157573"}],"curies":[{"name":"wp","href":"https:\/\/api.w.org\/{rel}","templated":true}]}}