{"id":157578,"date":"2025-11-19T12:12:10","date_gmt":"2025-11-19T12:12:10","guid":{"rendered":"https:\/\/www.europesays.com\/pt\/157578\/"},"modified":"2025-11-19T12:12:10","modified_gmt":"2025-11-19T12:12:10","slug":"vem-ai-em-terra-forte-vivi-pode-ser-o-trunfo-para-flor-afastar-maria-de-fatima-e-recuperar-a-fortuna-novelas","status":"publish","type":"post","link":"https:\/\/www.europesays.com\/pt\/157578\/","title":{"rendered":"Vem a\u00ed em \u00abTerra Forte\u00bb: Vivi pode ser o trunfo para Flor afastar Maria de F\u00e1tima e recuperar a fortuna &#8211; Novelas"},"content":{"rendered":"<p>Em \u00abTerra Forte\u00bb, <a href=\"https:\/\/tvi.iol.pt\/novelas\/videos\/maria-de-fatima-toma-decisao-sobre-vivi-esta-demitida\/68f8e7750cf285ab53a6b259\" rel=\"nofollow noopener\" target=\"_blank\">Vivi (Sofia Nicholson)<\/a>\u00a0ignora <a href=\"https:\/\/tvi.iol.pt\/novelas\/videos\/terra-forte-maria-de-fatima-ameaca-gloria\/68fa5c280cf29d28d8298113\" rel=\"nofollow noopener\" target=\"_blank\">Gl\u00f3ria (Maria Jo\u00e3o Pinho)<\/a>\u00a0a dizer-lhe querer saber o que ela esconde sobre <a href=\"https:\/\/tvi.iol.pt\/novelas\/videos\/terra-forte-maria-de-fatima-e-manuel-tinham-um-caso\/68f65cdc0cf29d28d82976cb\" rel=\"nofollow noopener\" target=\"_blank\">Maria de F\u00e1tima (Rita Pereira)<\/a>. Vivi abra\u00e7a feliz Bingo, que \u00e9 trazido por Rosinha. Esta explica que ela e Ant\u00f3nio n\u00e3o sabiam que Maria de F\u00e1tima era al\u00e9rgica a c\u00e3es. Gl\u00f3ri minimiza a dizer a Vivi terem de ir encontrar <a href=\"https:\/\/tvi.iol.pt\/novelas\/videos\/terra-forte-marcus-tem-um-novo-plano-para-destruir-maria-de-fatima-e-a-acoreana\/68fa5c1f0cf29d28d8298112\" rel=\"nofollow noopener\" target=\"_blank\">Marcus (Vitor Hugo)<\/a>.<\/p>\n<p>Vivi despede-se de <a href=\"https:\/\/tvi.iol.pt\/novelas\/videos\/terra-forte-rosinha-salva-a-vida-de-dudu\/68f61d030cf29d28d8297586\" rel=\"nofollow noopener\" target=\"_blank\">Rosinha (Francisca Salgado)<\/a>, pedindo-lhe que diga a Flor que n\u00e3o tenha problemas de consci\u00eancia de tirar a heran\u00e7a a Maria de F\u00e1tima por ela n\u00e3o merecer nada daquilo. Rosinha fica intrigada. <a href=\"https:\/\/tvi.iol.pt\/novelas\/videos\/terra-forte-dani-quer-assumir-a-relacao-com-vini-e-tem-um-motivo\/690231280cf285ab53a6d51b\" rel=\"nofollow noopener\" target=\"_blank\">Vini (Gustavo Alves)<\/a>\u00a0avisa Vivi e Gl\u00f3ria que n\u00e3o v\u00e3o conseguir ver Marcus por o pol\u00edcia n\u00e3o as ir deixar entrar. Vivi fica aliviada por Marcus pelo menos ter a atenuante de ter atacado Maria de F\u00e1tima por estar embriagado.<\/p>\n<p><a href=\"https:\/\/tvi.iol.pt\/novelas\/videos\/terra-forte-no-dia-do-seu-aniversario-flor-recebe-uma-visita-inesperada\/68f65c7a0cf29d28d82976c8\" rel=\"nofollow noopener\" target=\"_blank\">Flor (Benedita Pereira)<\/a>\u00a0diz a <a href=\"https:\/\/tvi.iol.pt\/novelas\/videos\/terra-forte-emocionante-antonio-e-flor-trocam-juras-de-amor\/68f7b89d0cf29d28d8297a77\" rel=\"nofollow noopener\" target=\"_blank\">Ant\u00f3nio (Jo\u00e3o Catarr\u00e9)<\/a>\u00a0achar que Vivi n\u00e3o estava a mentir sobre saber algo sobre Maria de F\u00e1tima por ela sempre ter sido de uma seriedade a toda a prova. Ant\u00f3nio diz a Flor poder estar ali a forma de ela afastar Maria de F\u00e1tima e recuperar a fortuna da fam\u00edlia.<\/p>\n<p>Recorde-se que Vivi est\u00e1 completamente desfeita, pois est\u00e1 prestes a ficar sem a sua casa:<\/p>\n","protected":false},"excerpt":{"rendered":"Em \u00abTerra Forte\u00bb, Vivi (Sofia Nicholson)\u00a0ignora Gl\u00f3ria (Maria Jo\u00e3o Pinho)\u00a0a dizer-lhe querer saber o que ela esconde sobre&hellip;\n","protected":false},"author":2,"featured_media":157579,"comment_status":"","ping_status":"","sticky":false,"template":"","format":"standard","meta":{"footnotes":""},"categories":[142],"tags":[160,27121,7951,166,114,115,157,167,978,2727,164,8598,161,158,165,159,32,33,156,5871,3086,18614,163,151,162,28302],"class_list":{"0":"post-157578","1":"post","2":"type-post","3":"status-publish","4":"format-standard","5":"has-post-thumbnail","7":"category-tv","8":"tag-ana-guiomar","9":"tag-antonio","10":"tag-benedita-pereira","11":"tag-cristina-ferreira","12":"tag-entertainment","13":"tag-entretenimento","14":"tag-festa-e-festa","15":"tag-ficcao","16":"tag-flor","17":"tag-joao-catarre","18":"tag-jose-fidalgo","19":"tag-maria-de-fatima","20":"tag-novelas","21":"tag-para-sempre","22":"tag-pedro-sousa","23":"tag-pedro-teixeira","24":"tag-portugal","25":"tag-pt","26":"tag-queridos-papas","27":"tag-rita-pereira","28":"tag-sofia-nicholson","29":"tag-terra-forte","30":"tag-tiago-teotonio-pereira","31":"tag-tv","32":"tag-tvi","33":"tag-vivi"},"share_on_mastodon":{"url":"https:\/\/pubeurope.com\/@pt\/115576304335011594","error":""},"_links":{"self":[{"href":"https:\/\/www.europesays.com\/pt\/wp-json\/wp\/v2\/posts\/157578","targetHints":{"allow":["GET"]}}],"collection":[{"href":"https:\/\/www.europesays.com\/pt\/wp-json\/wp\/v2\/posts"}],"about":[{"href":"https:\/\/www.europesays.com\/pt\/wp-json\/wp\/v2\/types\/post"}],"author":[{"embeddable":true,"href":"https:\/\/www.europesays.com\/pt\/wp-json\/wp\/v2\/users\/2"}],"replies":[{"embeddable":true,"href":"https:\/\/www.europesays.com\/pt\/wp-json\/wp\/v2\/comments?post=157578"}],"version-history":[{"count":0,"href":"https:\/\/www.europesays.com\/pt\/wp-json\/wp\/v2\/posts\/157578\/revisions"}],"wp:featuredmedia":[{"embeddable":true,"href":"https:\/\/www.europesays.com\/pt\/wp-json\/wp\/v2\/media\/157579"}],"wp:attachment":[{"href":"https:\/\/www.europesays.com\/pt\/wp-json\/wp\/v2\/media?parent=157578"}],"wp:term":[{"taxonomy":"category","embeddable":true,"href":"https:\/\/www.europesays.com\/pt\/wp-json\/wp\/v2\/categories?post=157578"},{"taxonomy":"post_tag","embeddable":true,"href":"https:\/\/www.europesays.com\/pt\/wp-json\/wp\/v2\/tags?post=157578"}],"curies":[{"name":"wp","href":"https:\/\/api.w.org\/{rel}","templated":true}]}}