{"id":157580,"date":"2025-11-19T12:13:11","date_gmt":"2025-11-19T12:13:11","guid":{"rendered":"https:\/\/www.europesays.com\/pt\/157580\/"},"modified":"2025-11-19T12:13:11","modified_gmt":"2025-11-19T12:13:11","slug":"bangers-open-air-divulga-lineup-com-40-bandas-para-2026-18-11-2025-shows","status":"publish","type":"post","link":"https:\/\/www.europesays.com\/pt\/157580\/","title":{"rendered":"Bangers Open Air divulga lineup com 40 bandas para 2026 &#8211; 18\/11\/2025 &#8211; Shows"},"content":{"rendered":"<p>O<a href=\"https:\/\/www1.folha.uol.com.br\/ilustrada\/2025\/05\/festival-bangers-open-air-em-sao-paulo-expoe-transicao-no-metal.shtml\" rel=\"nofollow noopener\" target=\"\"> Bangers Open Air<\/a> divulgou na segunda-feira (17) o lineup da edi\u00e7\u00e3o de 2026, tendo como principais nomes as bandas<a href=\"https:\/\/guia.folha.uol.com.br\/shows\/2014\/08\/1497519-liderado-por-ex-guitarrista-de-ozzy-black-label-society-se-apresenta-em-sp.shtml\" rel=\"nofollow noopener\" target=\"\"> Black Label Society<\/a> e In Flames.<\/p>\n<p>Comp\u00f5em a lista 40 bandas, que se apresentam nos dias 25 e 26 de abril no Memorial da Am\u00e9rica Latina, zona oeste de <a href=\"https:\/\/www1.folha.uol.com.br\/folha-topicos\/sao-paulo\/\" rel=\"nofollow noopener\" target=\"_blank\">S\u00e3o Paulo<\/a>. Segundo a organiza\u00e7\u00e3o, dois headliners (atra\u00e7\u00f5es principais do festival) ainda ser\u00e3o anunciados nos pr\u00f3ximos dias.<\/p>\n<p>Ao lado do Monsters of <a href=\"https:\/\/www1.folha.uol.com.br\/folha-topicos\/rock\/\" rel=\"nofollow noopener\" target=\"_blank\">Rock<\/a>, o Bangers se tornou o principal festival de metal e suas vertentes no Brasil. Outros, como o Knotfest, aparecem com menor frequ\u00eancia. H\u00e1, tamb\u00e9m, atra\u00e7\u00f5es que aparecem em outros festivais, como Lollapalooza e The Town, que trouxeram nomes como Tool e Bad Religion, respectivamente, nas \u00faltimas edi\u00e7\u00f5es.<\/p>\n<p>Para o Bangers \u2014que surgiu no Brasil sob o t\u00edtulo de Summer Breeze\u2014 os ingressos s\u00e3o vendidos pela tiqueteira<a href=\"https:\/\/www.clubedoingresso.com\/evento\/bangersopenairbrasil2026\" rel=\"nofollow noopener\" target=\"_blank\"> Clube do Ingresso<\/a>, e custam a partir de R$ 619.<\/p>\n<p>Entre os nomes anunciados at\u00e9 agora, destacam-se Black Label Society, banda do guitarrista Zakk Wylde, sucessor de Randy Rhoads ao lado de <a href=\"https:\/\/www1.folha.uol.com.br\/folha-topicos\/ozzy-osbourne\/\" rel=\"nofollow noopener\" target=\"_blank\">Ozzy Osbourne<\/a>. Donos de cl\u00e1ssicos consagrados no g\u00eanero, como &#8220;Stillborn&#8221; e &#8220;Suicide Messiah&#8221;.<\/p>\n<p>Outro destaque \u00e9 a banda In Flames, banda sueca de metal progressivo dos anos 1990. S\u00e3o donos de m\u00fasicas tamb\u00e9m consagradas, como &#8220;Only for the Weak&#8221; e &#8220;I Am Above&#8221;.<\/p>\n<p>Do Brasil, as bandas Crypta e Violater, de death e thrash metal, respectivamente, s\u00e3o duas das principais. Veja, a saguir, a lista de bandas confirmadas para os dois dias de festival.<\/p>\n<p><strong>S\u00e1bado (25 de abril)<\/strong><\/p>\n<ul>&#13;<\/p>\n<li>School of Rock<\/li>\n<p>&#13;<\/p>\n<li>Ozzy Tribute<\/li>\n<p>&#13;<\/p>\n<li>Marenna<\/li>\n<p>&#13;<\/p>\n<li>Seven Spires<\/li>\n<p>&#13;<\/p>\n<li>Hangar<\/li>\n<p>&#13;<\/p>\n<li>Overdose<\/li>\n<p>&#13;<\/p>\n<li>Korzus<\/li>\n<p>&#13;<\/p>\n<li>Lucifer<\/li>\n<p>&#13;<\/p>\n<li>Violator<\/li>\n<p>&#13;<\/p>\n<li>Crypta<\/li>\n<p>&#13;<\/p>\n<li>Feuerschwanz<\/li>\n<p>&#13;<\/p>\n<li>Onslaught<\/li>\n<p>&#13;<\/p>\n<li>AMH<\/li>\n<p>&#13;<\/p>\n<li>Tankard<\/li>\n<p>&#13;<\/p>\n<li>Evergrey<\/li>\n<p>&#13;<\/p>\n<li>Fear Factory<\/li>\n<p>&#13;<\/p>\n<li>Jinjer<\/li>\n<p>&#13;<\/p>\n<li>KillKillswitch Engage<\/li>\n<p>&#13;<\/p>\n<li>Black Label Society<\/li>\n<p>&#13;<\/p>\n<li>In Flames<\/li>\n<p>&#13;\n<\/ul>\n<p>&#13;<br \/>\n<strong>Domingo (26 de abril)<\/strong><\/p>\n<ul>&#13;<\/p>\n<li>Clash Bulldog&#8217;s<\/li>\n<p>&#13;<\/p>\n<li>Chaos Synopsis<\/li>\n<p>&#13;<\/p>\n<li>Paradise in Flames<\/li>\n<p>&#13;<\/p>\n<li>Malvada<\/li>\n<p>&#13;<\/p>\n<li>Trov\u00e3o<\/li>\n<p>&#13;<\/p>\n<li>Silver Dust<\/li>\n<p>&#13;<\/p>\n<li>Cobra Spell<\/li>\n<p>&#13;<\/p>\n<li>Noturnal<\/li>\n<p>&#13;<\/p>\n<li>Visions of Atlantis<\/li>\n<p>&#13;<\/p>\n<li>Projetc46<\/li>\n<p>&#13;<\/p>\n<li>Roy Khan<\/li>\n<p>&#13;<\/p>\n<li>Crazy Lixx<\/li>\n<p>&#13;<\/p>\n<li>Dirkschneider<\/li>\n<p>&#13;<\/p>\n<li>Eluveitie<\/li>\n<p>&#13;<\/p>\n<li>Primal Fear<\/li>\n<p>&#13;<\/p>\n<li>Nevermore<\/li>\n<p>&#13;<\/p>\n<li>Amaranthe<\/li>\n<p>&#13;<\/p>\n<li>Winger<\/li>\n<p>&#13;<\/p>\n<li>Smith\/Kotzen<\/li>\n<p>&#13;<\/p>\n<li>Within Temptation<\/li>\n<p>&#13;\n<\/ul>\n<p><strong>Bangers Open Air<\/strong><br \/>&#13;<br \/>\nMemorial da Am\u00e9rica Latina: av. M\u00e1rio de Andrade, 664, Barra Funda, regi\u00e3o oeste. Dias 25 e 26 de abril de 2026. Ingr.: a partir de R$ 619 em Clube do Ingresso<\/p>\n","protected":false},"excerpt":{"rendered":"O Bangers Open Air divulgou na segunda-feira (17) o lineup da edi\u00e7\u00e3o de 2026, tendo como principais nomes&hellip;\n","protected":false},"author":2,"featured_media":157581,"comment_status":"","ping_status":"","sticky":false,"template":"","format":"standard","meta":{"footnotes":""},"categories":[141],"tags":[240,114,115,761,213,23188,149,150,238,32,33,1645,1741],"class_list":{"0":"post-157580","1":"post","2":"type-post","3":"status-publish","4":"format-standard","5":"has-post-thumbnail","7":"category-musica","8":"tag-black-sabbath","9":"tag-entertainment","10":"tag-entretenimento","11":"tag-guia-folha","12":"tag-msica","13":"tag-metal","14":"tag-music","15":"tag-musica","16":"tag-ozzy-osbourne","17":"tag-portugal","18":"tag-pt","19":"tag-rock","20":"tag-so-paulo"},"share_on_mastodon":{"url":"https:\/\/pubeurope.com\/@pt\/115576308129868264","error":""},"_links":{"self":[{"href":"https:\/\/www.europesays.com\/pt\/wp-json\/wp\/v2\/posts\/157580","targetHints":{"allow":["GET"]}}],"collection":[{"href":"https:\/\/www.europesays.com\/pt\/wp-json\/wp\/v2\/posts"}],"about":[{"href":"https:\/\/www.europesays.com\/pt\/wp-json\/wp\/v2\/types\/post"}],"author":[{"embeddable":true,"href":"https:\/\/www.europesays.com\/pt\/wp-json\/wp\/v2\/users\/2"}],"replies":[{"embeddable":true,"href":"https:\/\/www.europesays.com\/pt\/wp-json\/wp\/v2\/comments?post=157580"}],"version-history":[{"count":0,"href":"https:\/\/www.europesays.com\/pt\/wp-json\/wp\/v2\/posts\/157580\/revisions"}],"wp:featuredmedia":[{"embeddable":true,"href":"https:\/\/www.europesays.com\/pt\/wp-json\/wp\/v2\/media\/157581"}],"wp:attachment":[{"href":"https:\/\/www.europesays.com\/pt\/wp-json\/wp\/v2\/media?parent=157580"}],"wp:term":[{"taxonomy":"category","embeddable":true,"href":"https:\/\/www.europesays.com\/pt\/wp-json\/wp\/v2\/categories?post=157580"},{"taxonomy":"post_tag","embeddable":true,"href":"https:\/\/www.europesays.com\/pt\/wp-json\/wp\/v2\/tags?post=157580"}],"curies":[{"name":"wp","href":"https:\/\/api.w.org\/{rel}","templated":true}]}}