{"id":157582,"date":"2025-11-19T12:14:18","date_gmt":"2025-11-19T12:14:18","guid":{"rendered":"https:\/\/www.europesays.com\/pt\/157582\/"},"modified":"2025-11-19T12:14:18","modified_gmt":"2025-11-19T12:14:18","slug":"tomar-recebe-20-filmes-de-todo-o-mundo-no-festival-planos-cinema","status":"publish","type":"post","link":"https:\/\/www.europesays.com\/pt\/157582\/","title":{"rendered":"Tomar recebe 20 filmes de todo o mundo no festival Planos | Cinema"},"content":{"rendered":"<p>Entre esta quarta-feira e 23 de Novembro, o Cine-Teatro Para\u00edso recebe a nona edi\u00e7\u00e3o do Planos \u2013 Festival Internacional de Curtas-Metragens de Tomar. O festival, que \u201cdefende o cinema de curta dura\u00e7\u00e3o como espa\u00e7o de liberdade criativa e de experimenta\u00e7\u00e3o formal\u201d, inaugura com a projec\u00e7\u00e3o do filme mudo de 1911 Os Crimes de Diogo Alves acompanhado por uma \u201cinterven\u00e7\u00e3o sonora\u201d ao vivo por Maria Morais, Z\u00e9 Branco e Rodolfo Castro.<\/p>\n<p>Vinte filmes de todo o mundo estar\u00e3o a concurso, divididos por quatro sess\u00f5es, entre os quais sete t\u00edtulos portugueses: dois com expressivas carreiras internacionais (<a href=\"https:\/\/www.publico.pt\/2025\/05\/03\/culturaipsilon\/noticia\/filme-goncalo-almeida-vence-premio-melhor-curta-festival-cinema-estonio-2131849\" rel=\"nofollow noopener\" target=\"_blank\">Atom &amp; Void<\/a>, de Gon\u00e7alo Almeida, e <a href=\"https:\/\/www.publico.pt\/2024\/04\/23\/culturaipsilon\/noticia\/curta-daniel-soares-competicao-cannes-2088041\" rel=\"nofollow noopener\" target=\"_blank\">Bad for a Moment, de Daniel Soares<\/a>, que esteve a concurso em Cannes), completados por Os Ecos que Carregamos, de Areeba Naveed, Aquele Abra\u00e7o, de Michael Joaquim Matias, Na Hora de P\u00f4r a Mesa, \u00c9ramos Cinco, de Paulo A. M. Oliveira, Daniella, de Fuad Halwani (que tem a peculiaridade de ter no seu elenco o realizador <a href=\"https:\/\/www.publico.pt\/2025\/10\/16\/culturaipsilon\/reportagem\/joao-canijo-reune-trupe-feridas-reais-rita-anabela-beatriz-2150147\" rel=\"nofollow noopener\" target=\"_blank\">Jo\u00e3o Canijo<\/a>) e Francisco Perdido, de Frederico Mesquita.<\/p>\n<p>O festival prop\u00f5e tamb\u00e9m uma sess\u00e3o de cinco filmes com liga\u00e7\u00e3o espec\u00edfica \u00e0 cidade de Tomar, e uma outra dedicada ao antrop\u00f3logo e cineasta Pedro Figueiredo Neto, co-autor do <a href=\"https:\/\/www.publico.pt\/2023\/05\/03\/culturaipsilon\/critica\/yoon-travessia-deserto-2048037\" rel=\"nofollow noopener\" target=\"_blank\">premiado Yoon<\/a> (estreado no Doclisboa 2021), composta por cinco curtas-metragens rodadas entre Portugal, Brasil, S\u00e3o Tom\u00e9 e Pr\u00edncipe e Z\u00e2mbia. Haver\u00e1 ainda um concerto da <a href=\"https:\/\/www.publico.pt\/2013\/12\/05\/culturaipsilon\/noticia\/bemvinda-ambicao-1658620\/amp\" rel=\"nofollow noopener\" target=\"_blank\">banda barcelense de p\u00f3s-rock Indignu <\/a>e uma masterclass sobre a pel\u00edcula Super 8 conduzida pelo realizador leiriense<a href=\"https:\/\/www.publico.pt\/2023\/01\/21\/p3\/video\/bruno-fez-curta-so-com-inteligencia-artificial-para-enfrentar-futuro-desvalorize-arte-20230109-154005\" rel=\"nofollow noopener\" target=\"_blank\"> Bruno Carnide<\/a>.<\/p>\n","protected":false},"excerpt":{"rendered":"Entre esta quarta-feira e 23 de Novembro, o Cine-Teatro Para\u00edso recebe a nona edi\u00e7\u00e3o do Planos \u2013 Festival&hellip;\n","protected":false},"author":2,"featured_media":157583,"comment_status":"","ping_status":"","sticky":false,"template":"","format":"standard","meta":{"footnotes":""},"categories":[140],"tags":[470,315,1413,6726,114,115,147,148,146,32,33,30875],"class_list":{"0":"post-157582","1":"post","2":"type-post","3":"status-publish","4":"format-standard","5":"has-post-thumbnail","7":"category-filmes","8":"tag-cinema","9":"tag-cultura","10":"tag-cultura-ipsilon","11":"tag-curta-metragem","12":"tag-entertainment","13":"tag-entretenimento","14":"tag-film","15":"tag-filmes","16":"tag-movies","17":"tag-portugal","18":"tag-pt","19":"tag-tomar"},"share_on_mastodon":{"url":"https:\/\/pubeurope.com\/@pt\/115576313734172643","error":""},"_links":{"self":[{"href":"https:\/\/www.europesays.com\/pt\/wp-json\/wp\/v2\/posts\/157582","targetHints":{"allow":["GET"]}}],"collection":[{"href":"https:\/\/www.europesays.com\/pt\/wp-json\/wp\/v2\/posts"}],"about":[{"href":"https:\/\/www.europesays.com\/pt\/wp-json\/wp\/v2\/types\/post"}],"author":[{"embeddable":true,"href":"https:\/\/www.europesays.com\/pt\/wp-json\/wp\/v2\/users\/2"}],"replies":[{"embeddable":true,"href":"https:\/\/www.europesays.com\/pt\/wp-json\/wp\/v2\/comments?post=157582"}],"version-history":[{"count":0,"href":"https:\/\/www.europesays.com\/pt\/wp-json\/wp\/v2\/posts\/157582\/revisions"}],"wp:featuredmedia":[{"embeddable":true,"href":"https:\/\/www.europesays.com\/pt\/wp-json\/wp\/v2\/media\/157583"}],"wp:attachment":[{"href":"https:\/\/www.europesays.com\/pt\/wp-json\/wp\/v2\/media?parent=157582"}],"wp:term":[{"taxonomy":"category","embeddable":true,"href":"https:\/\/www.europesays.com\/pt\/wp-json\/wp\/v2\/categories?post=157582"},{"taxonomy":"post_tag","embeddable":true,"href":"https:\/\/www.europesays.com\/pt\/wp-json\/wp\/v2\/tags?post=157582"}],"curies":[{"name":"wp","href":"https:\/\/api.w.org\/{rel}","templated":true}]}}