{"id":15759,"date":"2025-08-04T15:56:12","date_gmt":"2025-08-04T15:56:12","guid":{"rendered":"https:\/\/www.europesays.com\/pt\/15759\/"},"modified":"2025-08-04T15:56:12","modified_gmt":"2025-08-04T15:56:12","slug":"primeiro-conjunto-do-minha-casa-minha-vida-com-praca-de-leitura-e-entregue-no-ceara","status":"publish","type":"post","link":"https:\/\/www.europesays.com\/pt\/15759\/","title":{"rendered":"Primeiro conjunto do Minha Casa, Minha Vida com Pra\u00e7a de Leitura \u00e9 entregue no Cear\u00e1"},"content":{"rendered":"<p>Primeiro conjunto do Minha Casa, Minha Vida com Pra\u00e7a de Leitura \u00e9 entregue no Cear\u00e1<\/p>\n<p>Espa\u00e7o contar\u00e1 com acervo de 240 livros do PNLD e ser\u00e1 compartilhada entre 128 pessoas<\/p>\n<p><img decoding=\"async\" src=\"https:\/\/www.europesays.com\/pt\/wp-content\/uploads\/2025\/08\/b6GlLTU8wJbi6JBb9ZXyjUYcti9XDnEYAPnJkfNkUsJvEqaaRtpl8dreM1ZunZVz9XB0Nri5gDm8NFch.png\" alt=\"Pra\u00e7a da Leitura ter\u00e1 acervo de 240 livros do PNLD | \u00a9 Ag\u00eancia Brasil\" title=\"Pra\u00e7a da Leitura ter\u00e1 acervo de 240 livros do PNLD | \u00a9 Ag\u00eancia Brasil\" \/><\/p>\n<p>Pra\u00e7a da Leitura ter\u00e1 acervo de 240 livros do PNLD | \u00a9 Ag\u00eancia Brasil<\/p>\n<p>Em cerim\u00f4nia realizada na \u00faltima sexta-feira (1\u00ba) em Bras\u00edlia (DF), o presidente Luiz In\u00e1cio Lula da Silva entregou as primeiras unidades do <strong>Minha Casa, Minha Vida com Pra\u00e7a da Leitura<\/strong>.  <\/p>\n<p>O espa\u00e7o \u00e9 fruto de parceria entre os minist\u00e9rios da Cultura e das Cidades e est\u00e1 localizado em Horizonte, na regi\u00e3o metropolitana de Fortaleza (CE). A pra\u00e7a da leitura no Residencial Jo\u00e3o Severo da Silva contar\u00e1 com acervo de 240 livros do <a href=\"https:\/\/www.publishnews.com.br\/etiquetas\/pnld\" target=\"_blank\" rel=\"nofollow noopener\"><strong>Programa Nacional do Livro e do Material Did\u00e1tico (PNLD)<\/strong><\/a> doado pelo Fundo Nacional de Desenvolvimento da Educa\u00e7\u00e3o (FNDE) e pelo Minist\u00e9rio da Educa\u00e7\u00e3o (MEC) e ser\u00e1 compartilhada entre 128 pessoas, que ir\u00e3o ocupar as 32 moradias. O espa\u00e7o ser\u00e1 replicado nas novas constru\u00e7\u00f5es do MCMV. Estima-se que pra\u00e7as da leitura ou salas de bibliotecas sejam implementadas em 380 novos empreendimentos em todo o pa\u00eds, atendendo cerca de 40 mil fam\u00edlias.<\/p>\n<p>\u201cEu tive a minha primeira casa em 1975 e era menor que as que voc\u00eas receberam hoje. Eu morava numa casa com mulher, cinco filhos, sogra e dois cachorros e ela s\u00f3 tinha 33m\u00b2. Desde ent\u00e3o, eu dizia: custa fazer uma varandinha? Uma sacadinha? Custa apenas respeito ao povo. E agora estamos indo al\u00e9m: todos os novos conjuntos ter\u00e3o uma biblioteca, para que as crian\u00e7as possam ter acesso ao que os pais muitas vezes n\u00e3o tiveram. O que o povo quer \u00e9 dignidade, e n\u00e3o \u00e9 porque \u00e9 pobre que deve ser tratado como se n\u00e3o valesse nada\u201d, afirmou Lula.<\/p>\n<p>A coordenadora-geral de Leitura e Bibliotecas da Secretaria de Forma\u00e7\u00e3o Art\u00edstica e Cultural, Livro e Leitura (Sefli) do MinC, Nadja C\u00e9zar, destacou a import\u00e2ncia da colabora\u00e7\u00e3o interministerial para o programa.<\/p>\n<p>\u201cA parceria do Minist\u00e9rio da Cultura com o Minist\u00e9rio das Cidades na concretiza\u00e7\u00e3o desse projeto de espa\u00e7os de cultura dentro do Minha Casa, Minha Vida \u00e9 um marco de transforma\u00e7\u00e3o desse programa. E a coopera\u00e7\u00e3o com o Minist\u00e9rio da Educa\u00e7\u00e3o trazendo livros para compor esses espa\u00e7os enriquece ainda mais essa proposta e \u00e9 algo que vai ficar marcado no munic\u00edpio de Horizonte como um grande modificador daquela comunidade\u201d, salienta.<\/p>\n<p>*Com informa\u00e7\u00f5es da Ag\u00eancia Brasil.<\/p>\n","protected":false},"excerpt":{"rendered":"Primeiro conjunto do Minha Casa, Minha Vida com Pra\u00e7a de Leitura \u00e9 entregue no Cear\u00e1 Espa\u00e7o contar\u00e1 com&hellip;\n","protected":false},"author":2,"featured_media":15760,"comment_status":"","ping_status":"","sticky":false,"template":"","format":"standard","meta":{"footnotes":""},"categories":[143],"tags":[868,877,867,169,869,872,873,880,114,115,874,870,875,878,879,864,876,237,871,170,865,866,13,32,33],"class_list":{"0":"post-15759","1":"post","2":"type-post","3":"status-publish","4":"format-standard","5":"has-post-thumbnail","7":"category-livros","8":"tag-best-seller","9":"tag-biblioteca","10":"tag-bienal-do-livro","11":"tag-books","12":"tag-clipping","13":"tag-e-book","14":"tag-ebook","15":"tag-editora","16":"tag-entertainment","17":"tag-entretenimento","18":"tag-escritor","19":"tag-eventos","20":"tag-festival-literario","21":"tag-lancamentos","22":"tag-leitura","23":"tag-literatura","24":"tag-livraria","25":"tag-livro","26":"tag-livro-digital","27":"tag-livros","28":"tag-mercado-editorial","29":"tag-mercado-livreiro","30":"tag-noticias","31":"tag-portugal","32":"tag-pt"},"share_on_mastodon":{"url":"","error":""},"_links":{"self":[{"href":"https:\/\/www.europesays.com\/pt\/wp-json\/wp\/v2\/posts\/15759","targetHints":{"allow":["GET"]}}],"collection":[{"href":"https:\/\/www.europesays.com\/pt\/wp-json\/wp\/v2\/posts"}],"about":[{"href":"https:\/\/www.europesays.com\/pt\/wp-json\/wp\/v2\/types\/post"}],"author":[{"embeddable":true,"href":"https:\/\/www.europesays.com\/pt\/wp-json\/wp\/v2\/users\/2"}],"replies":[{"embeddable":true,"href":"https:\/\/www.europesays.com\/pt\/wp-json\/wp\/v2\/comments?post=15759"}],"version-history":[{"count":0,"href":"https:\/\/www.europesays.com\/pt\/wp-json\/wp\/v2\/posts\/15759\/revisions"}],"wp:featuredmedia":[{"embeddable":true,"href":"https:\/\/www.europesays.com\/pt\/wp-json\/wp\/v2\/media\/15760"}],"wp:attachment":[{"href":"https:\/\/www.europesays.com\/pt\/wp-json\/wp\/v2\/media?parent=15759"}],"wp:term":[{"taxonomy":"category","embeddable":true,"href":"https:\/\/www.europesays.com\/pt\/wp-json\/wp\/v2\/categories?post=15759"},{"taxonomy":"post_tag","embeddable":true,"href":"https:\/\/www.europesays.com\/pt\/wp-json\/wp\/v2\/tags?post=15759"}],"curies":[{"name":"wp","href":"https:\/\/api.w.org\/{rel}","templated":true}]}}