{"id":157590,"date":"2025-11-19T12:24:07","date_gmt":"2025-11-19T12:24:07","guid":{"rendered":"https:\/\/www.europesays.com\/pt\/157590\/"},"modified":"2025-11-19T12:24:07","modified_gmt":"2025-11-19T12:24:07","slug":"ataque-russo-faz-pelo-menos-nove-mortos-na-regiao-oeste-da-ucrania","status":"publish","type":"post","link":"https:\/\/www.europesays.com\/pt\/157590\/","title":{"rendered":"Ataque russo faz pelo menos nove mortos na regi\u00e3o oeste da Ucr\u00e2nia"},"content":{"rendered":"<p>                <b>Segundo o presidente ucraniano, a R\u00fassia lan\u00e7ou mais de 470 drones e 48 m\u00edsseis (um bal\u00edstico e os restantes de cruzeiro) contra a Ucr\u00e2nia durante a noite. <\/b>Este \u00e9 um dos ataques mais mort\u00edferos contra a capital regional desde o in\u00edcio da invas\u00e3o russa, em fevereiro de 2022.<\/p>\n<p>&#8220;Em Ternopil, edif\u00edcios residenciais de nove andares foram atingidos (&#8230;). At\u00e9 ao momento, dezenas de pessoas est\u00e3o feridas e, infelizmente, nove morreram&#8221;, disse Zelensky nas redes sociais.<\/p>\n<p>Segundo Zelensky, alguns moradores podem ainda estar presos sob os escombros.<br \/>&#13;\n<\/p>\n<blockquote class=\"twitter-tweet\"><p>&#13;<\/p>\n<p dir=\"ltr\" lang=\"en\">&#13;<br \/>\n\tAcross many of our regions, work is underway to address the aftermath of Russia\u2019s attack. It is confirmed that Russia launched more than 470 attack drones and 48 missiles of various types against Ukraine overnight \u2013 one ballistic and the rest cruise missiles.<\/p>\n<p>In Ternopil,\u2026 <a href=\"https:\/\/t.co\/EwQmc6Nv1S\" rel=\"nofollow\">pic.twitter.com\/EwQmc6Nv1S<\/a>&#13;\n\t<\/p>\n<p>&#13;<br \/>\n\t\u2014 Volodymyr Zelenskyy \/ \u0412\u043e\u043b\u043e\u0434\u0438\u043c\u0438\u0440 \u0417\u0435\u043b\u0435\u043d\u0441\u044c\u043a\u0438\u0439 (@ZelenskyyUa) <a href=\"https:\/\/twitter.com\/ZelenskyyUa\/status\/1991049210154614895?ref_src=twsrc%5Etfw\" rel=\"nofollow noopener\" target=\"_blank\">November 19, 2025<\/a>&#13;\n<\/p><\/blockquote>\n<p>\n<b>De acordo com a administra\u00e7\u00e3o regional de Ternopil, o n\u00edvel de cloro no ar da cidade est\u00e1 seis vezes acima do normal ap\u00f3s os ataques. A administra\u00e7\u00e3o pediu aos moradores que permane\u00e7am nas suas casas e mantenham as janelas fechadas.<\/b><\/p>\n<p>\u201cHouve tamb\u00e9m um ataque massivo, que come\u00e7ou ainda \u00e0 noite, contra Kharkiv. Dezenas de pessoas ficaram feridas na cidade, incluindo crian\u00e7as\u201d, acrescentou o presidente ucraniano, anunciando que foram tamb\u00e9m danificadas instala\u00e7\u00f5es de energia, transportes e infraestruturas civis.<\/p>\n<p>O l\u00edder ucraniano afirmou que estes ataques demonstraram que &#8220;a press\u00e3o sobre a R\u00fassia \u00e9 insuficiente&#8221;.<\/p>\n<p><b>&#8220;As san\u00e7\u00f5es eficazes e a ajuda \u00e0 Ucr\u00e2nia podem mudar isso. As necessidades mais urgentes s\u00e3o m\u00edsseis para a defesa a\u00e9rea, sistemas adicionais, aumento da capacidade dos nossos ca\u00e7as e a produ\u00e7\u00e3o de drones para proteger vidas&#8221;, explicou.\u00a0<\/b>Entretanto, as defesas a\u00e9reas russas reclamaram o abate de 65 drones ucranianos sobre quatro regi\u00f5es da R\u00fassia, no Mar Negro e no Mar de Azov.<\/p>\n<p>Segundo o Minist\u00e9rio russo da Defesa, as for\u00e7as ucranianas dispararam quatro m\u00edsseis ATACMS, de fabrico norte-americano, contra a cidade de Voronezh, no sul da R\u00fassia, numa tentativa de ataque contra alvos civis.<\/p>\n<p>&#13;<br \/>\n&#8220;As equipas russas de defesa a\u00e9rea S-400 e os sistemas de m\u00edsseis e canh\u00f5es Pantsir abateram todos os m\u00edsseis ATACMS&#8221;, disse o minist\u00e9rio russo, citado pela ag\u00eancia de not\u00edcias TASS.&#13;\n<\/p>\n<p>&#13;<br \/>\nc\/ag\u00eancias&#13;\n<\/p>\n<p>            <script async src=\"https:\/\/platform.twitter.com\/widgets.js\" charset=\"utf-8\"><\/script><\/p>\n","protected":false},"excerpt":{"rendered":"Segundo o presidente ucraniano, a R\u00fassia lan\u00e7ou mais de 470 drones e 48 m\u00edsseis (um bal\u00edstico e os&hellip;\n","protected":false},"author":2,"featured_media":157591,"comment_status":"","ping_status":"","sticky":false,"template":"","format":"standard","meta":{"footnotes":""},"categories":[50],"tags":[3391,27,28,15,16,830,14,25,26,21,22,62,12,13,19,20,23,24,839,17,18,840,29,30,31,63,64,65],"class_list":{"0":"post-157590","1":"post","2":"type-post","3":"status-publish","4":"format-standard","5":"has-post-thumbnail","7":"category-mundo","8":"tag-ataques","9":"tag-breaking-news","10":"tag-breakingnews","11":"tag-featured-news","12":"tag-featurednews","13":"tag-guerra","14":"tag-headlines","15":"tag-latest-news","16":"tag-latestnews","17":"tag-main-news","18":"tag-mainnews","19":"tag-mundo","20":"tag-news","21":"tag-noticias","22":"tag-noticias-principais","23":"tag-noticiasprincipais","24":"tag-principais-noticias","25":"tag-principaisnoticias","26":"tag-russia","27":"tag-top-stories","28":"tag-topstories","29":"tag-ucrania","30":"tag-ultimas","31":"tag-ultimas-noticias","32":"tag-ultimasnoticias","33":"tag-world","34":"tag-world-news","35":"tag-worldnews"},"share_on_mastodon":{"url":"https:\/\/pubeurope.com\/@pt\/115576351246186762","error":""},"_links":{"self":[{"href":"https:\/\/www.europesays.com\/pt\/wp-json\/wp\/v2\/posts\/157590","targetHints":{"allow":["GET"]}}],"collection":[{"href":"https:\/\/www.europesays.com\/pt\/wp-json\/wp\/v2\/posts"}],"about":[{"href":"https:\/\/www.europesays.com\/pt\/wp-json\/wp\/v2\/types\/post"}],"author":[{"embeddable":true,"href":"https:\/\/www.europesays.com\/pt\/wp-json\/wp\/v2\/users\/2"}],"replies":[{"embeddable":true,"href":"https:\/\/www.europesays.com\/pt\/wp-json\/wp\/v2\/comments?post=157590"}],"version-history":[{"count":0,"href":"https:\/\/www.europesays.com\/pt\/wp-json\/wp\/v2\/posts\/157590\/revisions"}],"wp:featuredmedia":[{"embeddable":true,"href":"https:\/\/www.europesays.com\/pt\/wp-json\/wp\/v2\/media\/157591"}],"wp:attachment":[{"href":"https:\/\/www.europesays.com\/pt\/wp-json\/wp\/v2\/media?parent=157590"}],"wp:term":[{"taxonomy":"category","embeddable":true,"href":"https:\/\/www.europesays.com\/pt\/wp-json\/wp\/v2\/categories?post=157590"},{"taxonomy":"post_tag","embeddable":true,"href":"https:\/\/www.europesays.com\/pt\/wp-json\/wp\/v2\/tags?post=157590"}],"curies":[{"name":"wp","href":"https:\/\/api.w.org\/{rel}","templated":true}]}}