{"id":157592,"date":"2025-11-19T12:25:08","date_gmt":"2025-11-19T12:25:08","guid":{"rendered":"https:\/\/www.europesays.com\/pt\/157592\/"},"modified":"2025-11-19T12:25:08","modified_gmt":"2025-11-19T12:25:08","slug":"imigracao-ilegal-funcionarias-de-unidade-de-saude-familiar-detidas-por-inscricoes-fraudulentas","status":"publish","type":"post","link":"https:\/\/www.europesays.com\/pt\/157592\/","title":{"rendered":"Imigra\u00e7\u00e3o ilegal. Funcion\u00e1rias de Unidade de Sa\u00fade Familiar detidas por inscri\u00e7\u00f5es fraudulentas"},"content":{"rendered":"<p>A Policia Judici\u00e1ria deteve duas funcion\u00e1rias administrativas de uma Unidade de Sa\u00fade Familiar por suspeitas de terem sido respons\u00e1veis pela inscri\u00e7\u00e3o fraudulenta de milhares de imigrantes no Sistema Nacional de Sa\u00fade, apurou o DN. Estas deten\u00e7\u00f5es aconteceram no \u00e2mbito da Opera\u00e7\u00e3o Gamb\u00e9rria, que combate a imigra\u00e7\u00e3o ilegal e que <a aria-label=\"content\" target=\"_blank\" href=\"https:\/\/www.dn.pt\/sociedade\/rede-de-imigra%C3%A7%C3%A3o-ilegal-detidas-13-pessoas-uma-%C3%A9-t%C3%A9cnica-superior-do-mne\" rel=\"nofollow noopener\">em maio tinha resultado na deten\u00e7\u00e3o de 13 pessoas<\/a>, uma delas uma t\u00e9cnica superior do minist\u00e9rio dos Neg\u00f3cio Estrangeiros.<\/p>\n<p>Segundo apurou o DN, a PJ realizou buscas domicili\u00e1rias e tamb\u00e9m na Unidade de Sa\u00fade Familiar, tendo apreendido documenta\u00e7\u00e3o utilizada em processos de atribui\u00e7\u00e3o indevida de n\u00fameros de utentes.<\/p>\n<p>Estas mulheres, detidas em cumprimento de mandados de deten\u00e7\u00e3o emitidos pelo DIAP Regional de Coimbra, s\u00e3o suspeitas dos crimes de corrup\u00e7\u00e3o passiva, associa\u00e7\u00e3o de aux\u00edlio \u00e0 imigra\u00e7\u00e3o ilegal e falsidade inform\u00e1tica.<\/p>\n<p>Segundo um comunicado entretanto divlgado pela PJ, estas mulheres ser\u00e3o &#8220;respons\u00e1veis pela inscri\u00e7\u00e3o fraudulenta de milhares de imigrantes no Sistema Nacional de Sa\u00fade&#8221;. A pol\u00edcia real\u00e7a que a obten\u00e7\u00e3o do N\u00famero Nacional de Utente (NNU) representa a consolida\u00e7\u00e3o do processo de legaliza\u00e7\u00e3o em territ\u00f3rio nacional e a garantia de assist\u00eancia m\u00e9dica atrav\u00e9s do SNS.<\/p>\n<p>As duas detidas, com 40 e 54 anos, ser\u00e3o presentes no Tribunal Central de Instru\u00e7\u00e3o Criminal (TCIC), tendo em vista a aplica\u00e7\u00e3o de medidas de coa\u00e7\u00e3o.<\/p>\n<p>No total, nesta investiga\u00e7\u00e3o j\u00e1 foram j\u00e1 detidas 16 pessoas e constitu\u00eddas arguidas outras 26, entre as quais sete empres\u00e1rios, uma advogada e uma funcion\u00e1ria da Dire\u00e7\u00e3o-Geral dos Assuntos Consulares e das Comunidades Portuguesas do Minist\u00e9rio dos Neg\u00f3cios Estrangeiros.<\/p>\n<p>A investiga\u00e7\u00e3o teve in\u00edcio em setembro de 2023, h\u00e1 mais de dois anos, visando um grupo criminoso, suspeito de se dedicar \u00e0 \u201clegaliza\u00e7\u00e3o irregular e massiva de cidad\u00e3os estrangeiros em Portugal, obtendo proventos financeiros na ordem dos milh\u00f5es de euros\u201d.<\/p>\n","protected":false},"excerpt":{"rendered":"A Policia Judici\u00e1ria deteve duas funcion\u00e1rias administrativas de uma Unidade de Sa\u00fade Familiar por suspeitas de terem sido&hellip;\n","protected":false},"author":2,"featured_media":157593,"comment_status":"","ping_status":"","sticky":false,"template":"","format":"standard","meta":{"footnotes":""},"categories":[10],"tags":[27,28,15,16,14,9366,25,26,21,22,12,13,19,20,4107,32,23,24,33,17,18,29,30,31],"class_list":{"0":"post-157592","1":"post","2":"type-post","3":"status-publish","4":"format-standard","5":"has-post-thumbnail","7":"category-portugal","8":"tag-breaking-news","9":"tag-breakingnews","10":"tag-featured-news","11":"tag-featurednews","12":"tag-headlines","13":"tag-imigracao-ilegal","14":"tag-latest-news","15":"tag-latestnews","16":"tag-main-news","17":"tag-mainnews","18":"tag-news","19":"tag-noticias","20":"tag-noticias-principais","21":"tag-noticiasprincipais","22":"tag-pj","23":"tag-portugal","24":"tag-principais-noticias","25":"tag-principaisnoticias","26":"tag-pt","27":"tag-top-stories","28":"tag-topstories","29":"tag-ultimas","30":"tag-ultimas-noticias","31":"tag-ultimasnoticias"},"share_on_mastodon":{"url":"https:\/\/pubeurope.com\/@pt\/115576355269767549","error":""},"_links":{"self":[{"href":"https:\/\/www.europesays.com\/pt\/wp-json\/wp\/v2\/posts\/157592","targetHints":{"allow":["GET"]}}],"collection":[{"href":"https:\/\/www.europesays.com\/pt\/wp-json\/wp\/v2\/posts"}],"about":[{"href":"https:\/\/www.europesays.com\/pt\/wp-json\/wp\/v2\/types\/post"}],"author":[{"embeddable":true,"href":"https:\/\/www.europesays.com\/pt\/wp-json\/wp\/v2\/users\/2"}],"replies":[{"embeddable":true,"href":"https:\/\/www.europesays.com\/pt\/wp-json\/wp\/v2\/comments?post=157592"}],"version-history":[{"count":0,"href":"https:\/\/www.europesays.com\/pt\/wp-json\/wp\/v2\/posts\/157592\/revisions"}],"wp:featuredmedia":[{"embeddable":true,"href":"https:\/\/www.europesays.com\/pt\/wp-json\/wp\/v2\/media\/157593"}],"wp:attachment":[{"href":"https:\/\/www.europesays.com\/pt\/wp-json\/wp\/v2\/media?parent=157592"}],"wp:term":[{"taxonomy":"category","embeddable":true,"href":"https:\/\/www.europesays.com\/pt\/wp-json\/wp\/v2\/categories?post=157592"},{"taxonomy":"post_tag","embeddable":true,"href":"https:\/\/www.europesays.com\/pt\/wp-json\/wp\/v2\/tags?post=157592"}],"curies":[{"name":"wp","href":"https:\/\/api.w.org\/{rel}","templated":true}]}}