{"id":15761,"date":"2025-08-04T15:57:13","date_gmt":"2025-08-04T15:57:13","guid":{"rendered":"https:\/\/www.europesays.com\/pt\/15761\/"},"modified":"2025-08-04T15:57:13","modified_gmt":"2025-08-04T15:57:13","slug":"fabio-assuncao-revela-assedio-sofrido-na-infancia","status":"publish","type":"post","link":"https:\/\/www.europesays.com\/pt\/15761\/","title":{"rendered":"F\u00e1bio Assun\u00e7\u00e3o revela ass\u00e9dio sofrido na inf\u00e2ncia"},"content":{"rendered":"<p class=\"texto\">Durante participa\u00e7\u00e3o no quadro Pode Perguntar, exibido no Fant\u00e1stico no domingo (4\/8), o ator <a href=\"https:\/\/www.correiobraziliense.com.br\/colunistas\/mariana-morais\/2025\/02\/7073365-fabio-assuncao-surge-quase-irreconhecivel-e-intriga-fas.html\" target=\"_blank\" rel=\"nofollow noopener\">F\u00e1bio Assun\u00e7\u00e3o<\/a> falou pela primeira vez sobre um epis\u00f3dio de ass\u00e9dio sexual que sofreu na inf\u00e2ncia. A revela\u00e7\u00e3o ocorreu durante uma roda de conversa com cerca de 30 jovens autistas, conduzida pela psiquiatra Daniela Bordini, da Universidade Federal de S\u00e3o Paulo (Unifesp).<\/p>\n<p class=\"texto\">O relato veio ap\u00f3s uma pergunta feita por Josi, uma das entrevistadoras presentes no encontro: &#8220;As atrizes, artistas s\u00e3o muito questionadas sobre a quest\u00e3o do ass\u00e9dio, e a\u00ed nos \u00faltimos anos a gente tem visto uma onda de den\u00fancias de homens que passaram por situa\u00e7\u00f5es parecidas. Voc\u00ea j\u00e1 viu alguma situa\u00e7\u00e3o parecida?&#8221;<\/p>\n<p class=\"texto\">Diante da quest\u00e3o, o ator compartilhou um epis\u00f3dio vivido na inf\u00e2ncia: &#8220;Eu tive um vizinho quando era garoto, quando eu tinha uns oito, nove anos, que ele me chamou para ir para o apartamento dele em Santos. Eu entrei, ele come\u00e7ou a me mostrar um monte de revista. Daqui a pouco ele colocou a m\u00e3o em mim, ele pegou e botou a m\u00e3o e eu sa\u00ed correndo.&#8221;<\/p>\n<p class=\"texto\">F\u00e1bio explicou que, na \u00e9poca, n\u00e3o sabia identificar o que havia acontecido, mas procurou apoio na fam\u00edlia. &#8220;Eu n\u00e3o sabia formular que era um ass\u00e9dio, mas eu contei para minha irm\u00e3. A minha irm\u00e3 falou: &#8216;Imagina&#8217;. Contei para minha m\u00e3e: &#8216;Imagina, o nosso vizinho de muitos anos&#8217;. Ent\u00e3o eu fiquei meio assim.&#8221;<\/p>\n<p class=\"texto\">Atualmente com 53 anos, o ator refletiu sobre o relato e disse n\u00e3o acreditar que sua experi\u00eancia possa ser comparada aos abusos enfrentados por muitas mulheres. &#8220;Eu nunca falei sobre isso porque eu tamb\u00e9m n\u00e3o acho que d\u00ea para comparar os ass\u00e9dios que um homem tem, os ass\u00e9dios que uma mulher tem.&#8221;<\/p>\n<p><strong>Sa\u00fade mental e interna\u00e7\u00f5es<\/strong><\/p>\n<p class=\"texto\">Al\u00e9m de tratar do epis\u00f3dio da inf\u00e2ncia, F\u00e1bio Assun\u00e7\u00e3o falou sobre sa\u00fade mental e os desafios enfrentados ao longo da carreira. Segundo ele, o momento mais dif\u00edcil foi durante a novela Neg\u00f3cio da China, quando precisou se afastar das grava\u00e7\u00f5es.<\/p>\n<p class=\"texto\">&#8220;Chegou um momento que eu acho que entrei em um colapso. Ent\u00e3o, nesse momento, eu fiz uma novela chamada Neg\u00f3cio da China que eu precisei sair, e esse foi o momento mais dif\u00edcil da minha carreira. Foi fazer uma escolha de sair de uma novela, mesmo sabendo a exposi\u00e7\u00e3o que eu ia ter em rela\u00e7\u00e3o a isso. Mas eu sa\u00ed para me cuidar, para me tratar, para botar minha vida em ordem.&#8221;<\/p>\n<p class=\"texto\">Ao longo da roda de conversa, o ator tamb\u00e9m falou sobre interna\u00e7\u00f5es e o estigma em torno da sa\u00fade mental. &#8220;Eu tamb\u00e9m tive as minhas interna\u00e7\u00f5es. E isso normalmente faz com que a gente sinta vergonha. S\u00f3 que, pensa bem, quem \u00e9 que est\u00e1 no mundo que n\u00e3o tenha as suas dores, as suas dificuldades?&#8221;<\/p>\n<p class=\"texto\">Para ele, manter-se conectado consigo mesmo \u00e9 essencial: &#8220;Nada est\u00e1 garantido. Voc\u00ea pode recair, voc\u00ea pode ter novos problemas, mas eu acho que voc\u00ea estando conectado com voc\u00ea, estando trabalhando, isso da\u00ed, voc\u00ea vai levando sua vida com muito menos riscos.&#8221;<\/p>\n<p class=\"texto\">No fim do encontro, o ator demonstrou gratid\u00e3o e compartilhou um de seus maiores medos: &#8220;Tenho medo de que aconte\u00e7a alguma coisa em mim que eu n\u00e3o possa trabalhar.&#8221;<\/p>\n<p class=\"texto\"><strong><a href=\"https:\/\/whatsapp.com\/channel\/0029VaB1U9a002T64ex1Sy2w\" rel=\"nofollow noopener\" target=\"_blank\">Siga o canal do Correio no WhatsApp e receba as principais not\u00edcias do dia no seu celular<\/a><\/strong><\/p>\n<p>                            <a href=\"https:\/\/www.correiobraziliense.com.br\/autor\/agencia-estado\/page\/1\/\" style=\"height: 100%;\" rel=\"nofollow noopener\" target=\"_blank\"><img decoding=\"async\" class=\"hidden-print author-circle d-block h6 mt-0 mb-0 mr-6 text-center\" src=\"https:\/\/www.europesays.com\/pt\/wp-content\/uploads\/2025\/07\/logo_agencia_estado-29032127.png\" alt=\"\" width=\"40\" height=\"40\" loading=\"lazy\" style=\"object-fit:cover; width: 40px; height: 40px; margin-right:10px;\"\/><\/a><a href=\"https:\/\/www.correiobraziliense.com.br\/autor\/agencia-estado\/page\/1\/\" rel=\"nofollow noopener\" target=\"_blank\"><img decoding=\"async\" class=\"hidden-print author-circle d-block h6 mt-0 mb-0 mr-6 text-center\" src=\"https:\/\/www.europesays.com\/pt\/wp-content\/uploads\/2025\/07\/logo_agencia_estado-29032127.png\" alt=\"\" width=\"40\" height=\"40\" loading=\"lazy\" style=\"object-fit:cover; width: 40px; height: 40px; margin-right:10px;\"\/><\/a><\/p>\n","protected":false},"excerpt":{"rendered":"Durante participa\u00e7\u00e3o no quadro Pode Perguntar, exibido no Fant\u00e1stico no domingo (4\/8), o ator F\u00e1bio Assun\u00e7\u00e3o falou pela&hellip;\n","protected":false},"author":2,"featured_media":15762,"comment_status":"","ping_status":"","sticky":false,"template":"","format":"standard","meta":{"footnotes":""},"categories":[142],"tags":[6064,114,115,6204,32,33,151],"class_list":{"0":"post-15761","1":"post","2":"type-post","3":"status-publish","4":"format-standard","5":"has-post-thumbnail","7":"category-tv","8":"tag-assedio","9":"tag-entertainment","10":"tag-entretenimento","11":"tag-fabio-assuncao","12":"tag-portugal","13":"tag-pt","14":"tag-tv"},"share_on_mastodon":{"url":"","error":""},"_links":{"self":[{"href":"https:\/\/www.europesays.com\/pt\/wp-json\/wp\/v2\/posts\/15761","targetHints":{"allow":["GET"]}}],"collection":[{"href":"https:\/\/www.europesays.com\/pt\/wp-json\/wp\/v2\/posts"}],"about":[{"href":"https:\/\/www.europesays.com\/pt\/wp-json\/wp\/v2\/types\/post"}],"author":[{"embeddable":true,"href":"https:\/\/www.europesays.com\/pt\/wp-json\/wp\/v2\/users\/2"}],"replies":[{"embeddable":true,"href":"https:\/\/www.europesays.com\/pt\/wp-json\/wp\/v2\/comments?post=15761"}],"version-history":[{"count":0,"href":"https:\/\/www.europesays.com\/pt\/wp-json\/wp\/v2\/posts\/15761\/revisions"}],"wp:featuredmedia":[{"embeddable":true,"href":"https:\/\/www.europesays.com\/pt\/wp-json\/wp\/v2\/media\/15762"}],"wp:attachment":[{"href":"https:\/\/www.europesays.com\/pt\/wp-json\/wp\/v2\/media?parent=15761"}],"wp:term":[{"taxonomy":"category","embeddable":true,"href":"https:\/\/www.europesays.com\/pt\/wp-json\/wp\/v2\/categories?post=15761"},{"taxonomy":"post_tag","embeddable":true,"href":"https:\/\/www.europesays.com\/pt\/wp-json\/wp\/v2\/tags?post=15761"}],"curies":[{"name":"wp","href":"https:\/\/api.w.org\/{rel}","templated":true}]}}