{"id":157617,"date":"2025-11-19T12:51:38","date_gmt":"2025-11-19T12:51:38","guid":{"rendered":"https:\/\/www.europesays.com\/pt\/157617\/"},"modified":"2025-11-19T12:51:38","modified_gmt":"2025-11-19T12:51:38","slug":"a-banda-que-lars-ulrich-chamou-de-o-black-sabbath-dos-anos-90","status":"publish","type":"post","link":"https:\/\/www.europesays.com\/pt\/157617\/","title":{"rendered":"A banda que Lars Ulrich chamou de &#8220;o Black Sabbath dos anos 90&#8221;"},"content":{"rendered":"<p>Em uma conversa sobre bandas contempor\u00e2neas ao <a href=\"https:\/\/whiplash.net\/bandas\/m\/metallica.html\" class=\"hotwords\" rel=\"nofollow noopener\" target=\"_blank\">Metallica<\/a>, <a href=\"https:\/\/whiplash.net\/bandas\/l\/larsulrich.html\" class=\"hotwords\" rel=\"nofollow noopener\" target=\"_blank\">Lars Ulrich<\/a> foi questionado sobre quais nomes ele enxergava no mesmo n\u00edvel do grupo. Em vez de listar v\u00e1rios colegas de cena, o baterista preferiu citar apenas um, deixando claro que aquele era o caso que mais chamava sua aten\u00e7\u00e3o entre os grupos que surgiram depois.<\/p>\n<p>Na resposta, republicada na <a href=\"https:\/\/faroutmagazine.co.uk\/round-edges-the-band-lars-ulrich-called-the-black-sabbath-of-the-1990s\/\" rel=\"nofollow noopener\" target=\"_blank\">Far Out<\/a>, Lars apontou diretamente para o Alice in Chains. Ele explicou: &#8220;A \u00fanica banda contempor\u00e2nea em que eu penso como um par \u00e9 o Alice in Chains. Eles est\u00e3o em um pedestal pra mim, acima de praticamente todo mundo.&#8221; Ao usar as palavras &#8220;par&#8221; e &#8220;pedestal&#8221;, o baterista deixou claro que n\u00e3o estava falando apenas de simpatia ou respeito, mas de uma banda que, na vis\u00e3o dele, realmente se destacava em rela\u00e7\u00e3o \u00e0s outras da mesma \u00e9poca.<\/p>\n<p><a href=\"https:\/\/whiplash.net\/bandas\/m\/metallica.html\" class=\"linkBotao\" rel=\"nofollow noopener\" target=\"_blank\">Metallica &#8211; Mais Novidades<\/a><\/p>\n<p>CONTINUA DEPOIS DA PUBLICIDADE &#8211; CLI<\/p>\n<p>&#13;<br \/>\n&#13;<br \/>\n&#13;<br \/>\n&#13;<br \/>\n&#13;<br \/>\n&#13;<br \/>\n&#13;<br \/>\n&#13;<br \/>\n<a href=\"https:\/\/whiplash.net\/materias\/whiplash\/027002.html\" rel=\"nofollow noopener\" target=\"_blank\"><img decoding=\"async\" src=\"https:\/\/www.europesays.com\/pt\/wp-content\/uploads\/2025\/10\/1760413028_813_anunciar_diabo_336x280.gif\" loading=\"lazy\" width=\"336\" height=\"280\" class=\"widthConstrained\" style=\"background-color:#000000;display:block;\" alt=\"Anunciar bandas e shows de Rock e Heavy Metal\"\/><\/a>&#13;<\/p>\n<p><a target=\"_blank\" href=\"https:\/\/www.europesays.com\/pt\/wp-content\/uploads\/2025\/08\/depositphotos_235934684_ds_lars_ulrich_por_chinaimages_corte.jpg\"><img loading=\"lazy\" decoding=\"async\" src=\"https:\/\/www.europesays.com\/pt\/wp-content\/uploads\/2025\/08\/depositphotos_235934684_ds_lars_ulrich_por_chinaimages_corte.jpg\" class=\"widthConstrained\" width=\"700\" height=\"441\" alt=\"Foto: ChinaImages @ www.depositphotos.com\"\/><\/a>Foto: ChinaImages @ www.depositphotos.com<\/p>\n<p>Ulrich tamb\u00e9m recorreu a uma compara\u00e7\u00e3o forte para situar o papel do quarteto de Seattle dentro do som pesado dos anos 1990. Na mesma fala, ele definiu o grupo como uma esp\u00e9cie de atualiza\u00e7\u00e3o de um nome cl\u00e1ssico de outra gera\u00e7\u00e3o: &#8220;Eles s\u00e3o tipo um Black Sabbath dos anos 90.&#8221; A frase liga diretamente o Alice in Chains \u00e0 tradi\u00e7\u00e3o de riffs pesados e climas sombrios associados ao grupo de Tony Iommi.<\/p>\n<p>CONTINUA DEPOIS DA PUBLICIDADE &#8211; GOO<\/p>\n<p>&#13;<br \/>\n&#13;<br \/>\n&#13;<br \/>\n&#13;<br \/>\n<a href=\"https:\/\/whiplash.net\/materias\/whiplash\/027002.html\" rel=\"nofollow noopener\" target=\"_blank\"><img decoding=\"async\" src=\"https:\/\/www.europesays.com\/pt\/wp-content\/uploads\/2025\/10\/1760413028_813_anunciar_diabo_336x280.gif\" loading=\"lazy\" width=\"336\" height=\"280\" alt=\"Anunciar no Whiplash.Net\"\/><\/a>&#13;<br \/>\n&#13;<br \/>\n&#13;<br \/>\n&#13;<br \/>\n&#13;<br \/>\n&#13;<br \/>\n<a href=\"https:\/\/whiplash.net\/materias\/whiplash\/027002.html\" rel=\"nofollow noopener\" target=\"_blank\"><img decoding=\"async\" src=\"https:\/\/www.europesays.com\/pt\/wp-content\/uploads\/2025\/10\/1760413028_813_anunciar_diabo_336x280.gif\" loading=\"lazy\" width=\"336\" height=\"280\" class=\"widthConstrained\" style=\"background-color:#000000;display:block;\" alt=\"Anunciar bandas e shows de Rock e Heavy Metal\"\/><\/a>&#13;<\/p>\n<p>Al\u00e9m disso, Lars comentou sobre a forma como enxerga a constru\u00e7\u00e3o das m\u00fasicas do Alice in Chains em compara\u00e7\u00e3o com grava\u00e7\u00f5es antigas do pr\u00f3prio Metallica. Segundo ele, parte do material do in\u00edcio da carreira da banda de San Francisco passa uma sensa\u00e7\u00e3o mais r\u00edgida, enquanto o som do grupo de Layne Staley e Jerry Cantrell parece escapar desse formato. &#8220;Tem algo nos riffs, na falta de rigidez. N\u00e3o \u00e9 engessado, n\u00e3o \u00e9 quadrado. \u00c0s vezes, quando eu ou\u00e7o algumas coisas antigas nossas, eu tenho a vis\u00e3o de um quadrado na cabe\u00e7a. O som do Alice in Chains tem muitas bordas arredondadas&#8221;, afirmou.<\/p>\n<p>Com essas declara\u00e7\u00f5es, <a href=\"https:\/\/whiplash.net\/bandas\/l\/larsulrich.html\" class=\"hotwords\" rel=\"nofollow noopener\" target=\"_blank\">Lars Ulrich<\/a> n\u00e3o s\u00f3 elogia o Alice in Chains, como registra de forma bem direta como enxerga o lugar da banda dentro do rock pesado dos anos 1990. Ao cham\u00e1-los de &#8220;par&#8221; do <a href=\"https:\/\/whiplash.net\/bandas\/m\/metallica.html\" class=\"hotwords\" rel=\"nofollow noopener\" target=\"_blank\">Metallica<\/a>, coloc\u00e1-los em um &#8220;pedestal&#8221; e descrev\u00ea-los como &#8220;um <a href=\"https:\/\/whiplash.net\/bandas\/b\/blacksabbath.html\" class=\"hotwords\" rel=\"nofollow noopener\" target=\"_blank\">Black Sabbath<\/a> dos anos 90&#8243;, ele indica que v\u00ea naquele repert\u00f3rio uma combina\u00e7\u00e3o de peso e liberdade que, para ele, merece um destaque especial entre os grupos surgidos na mesma gera\u00e7\u00e3o.<\/p>\n<p>CONTINUA DEPOIS DA PUBLICIDADE &#8211; CLI<\/p>\n<p>&#13;<br \/>\n&#13;<br \/>\n&#13;<br \/>\n&#13;<br \/>\n&#13;<br \/>\n&#13;<br \/>\n&#13;<br \/>\n&#13;<br \/>\n<a href=\"https:\/\/whiplash.net\/materias\/whiplash\/027002.html\" rel=\"nofollow noopener\" target=\"_blank\"><img decoding=\"async\" src=\"https:\/\/www.europesays.com\/pt\/wp-content\/uploads\/2025\/10\/1760413028_813_anunciar_diabo_336x280.gif\" loading=\"lazy\" width=\"336\" height=\"280\" class=\"widthConstrained\" style=\"background-color:#000000;display:block;\" alt=\"Anunciar bandas e shows de Rock e Heavy Metal\"\/><\/a>&#13;<\/p>\n","protected":false},"excerpt":{"rendered":"Em uma conversa sobre bandas contempor\u00e2neas ao Metallica, Lars Ulrich foi questionado sobre quais nomes ele enxergava no&hellip;\n","protected":false},"author":2,"featured_media":44213,"comment_status":"","ping_status":"","sticky":false,"template":"","format":"standard","meta":{"footnotes":""},"categories":[141],"tags":[114,115,149,150,32,33],"class_list":{"0":"post-157617","1":"post","2":"type-post","3":"status-publish","4":"format-standard","5":"has-post-thumbnail","7":"category-musica","8":"tag-entertainment","9":"tag-entretenimento","10":"tag-music","11":"tag-musica","12":"tag-portugal","13":"tag-pt"},"share_on_mastodon":{"url":"https:\/\/pubeurope.com\/@pt\/115576458025675780","error":""},"_links":{"self":[{"href":"https:\/\/www.europesays.com\/pt\/wp-json\/wp\/v2\/posts\/157617","targetHints":{"allow":["GET"]}}],"collection":[{"href":"https:\/\/www.europesays.com\/pt\/wp-json\/wp\/v2\/posts"}],"about":[{"href":"https:\/\/www.europesays.com\/pt\/wp-json\/wp\/v2\/types\/post"}],"author":[{"embeddable":true,"href":"https:\/\/www.europesays.com\/pt\/wp-json\/wp\/v2\/users\/2"}],"replies":[{"embeddable":true,"href":"https:\/\/www.europesays.com\/pt\/wp-json\/wp\/v2\/comments?post=157617"}],"version-history":[{"count":0,"href":"https:\/\/www.europesays.com\/pt\/wp-json\/wp\/v2\/posts\/157617\/revisions"}],"wp:featuredmedia":[{"embeddable":true,"href":"https:\/\/www.europesays.com\/pt\/wp-json\/wp\/v2\/media\/44213"}],"wp:attachment":[{"href":"https:\/\/www.europesays.com\/pt\/wp-json\/wp\/v2\/media?parent=157617"}],"wp:term":[{"taxonomy":"category","embeddable":true,"href":"https:\/\/www.europesays.com\/pt\/wp-json\/wp\/v2\/categories?post=157617"},{"taxonomy":"post_tag","embeddable":true,"href":"https:\/\/www.europesays.com\/pt\/wp-json\/wp\/v2\/tags?post=157617"}],"curies":[{"name":"wp","href":"https:\/\/api.w.org\/{rel}","templated":true}]}}