{"id":157618,"date":"2025-11-19T12:53:21","date_gmt":"2025-11-19T12:53:21","guid":{"rendered":"https:\/\/www.europesays.com\/pt\/157618\/"},"modified":"2025-11-19T12:53:21","modified_gmt":"2025-11-19T12:53:21","slug":"filme-inspirado-em-livro-de-valter-hugo-mae-estreia-se-na-netflix","status":"publish","type":"post","link":"https:\/\/www.europesays.com\/pt\/157618\/","title":{"rendered":"filme inspirado em livro de Valter Hugo M\u00e3e estreia-se na Netflix"},"content":{"rendered":"<p>A adapta\u00e7\u00e3o do romance \u201cO Filho de Mil Homens\u201d, de Valter Hugo M\u00e3e, pelo realizador brasileiro Daniel Rezende,\u00a0 estreia-se esta quarta-feira, dia 19 de novembro, na Netflix.<\/p>\n<p class=\"text-paragraph\">O filme teve a sua exibi\u00e7\u00e3o oficial no dia 27 de outubro, na 49.\u00aa Mostra Internacional de Cinema em S\u00e3o Paulo, no Brasil, um dos principais eventos cinematogr\u00e1ficos da Am\u00e9rica Latina.<\/p>\n<p class=\"text-paragraph\">Protagonizado por Rodrigo Santoro, o filme conta a hist\u00f3ria de Cris\u00f3stomo, um pescador que encontra novo sentido para a vida ao acolher Camilo (Miguel Martines), um jovem \u00f3rf\u00e3o.<\/p>\n<p class=\"text-paragraph\">A rela\u00e7\u00e3o entre ambos desencadeia uma reflex\u00e3o sobre o amor, a aceita\u00e7\u00e3o e os la\u00e7os que definem o conceito de fam\u00edlia.<\/p>\n<p>\t\t<img decoding=\"async\" src=\"https:\/\/www.europesays.com\/pt\/wp-content\/uploads\/2025\/11\/1763556801_559_thumbs.web.sapo.io\"  loading=\"true\"\/><\/p>\n<p>      &#8220;O Filho de Mil Homens&#8221;: Netflix estreia filme baseado em livro de Valter Hugo M\u00e3e<\/p>\n<p class=\"text-paragraph\">&#8220;Cris\u00f3stomo, um pescador de 40 anos, decide procurar aquilo que lhe falta: um filho. Depois de conhecer Camilo, um rapaz de 14 anos, Cris\u00f3stomo acaba por transformar a vida de v\u00e1rias pessoas exclu\u00eddas e rejeitadas, formando uma fam\u00edlia n\u00e3o convencional, unida pelo amor por coisas simples&#8221;, resume o servi\u00e7o de streaming.<\/p>\n<p class=\"text-paragraph\">Filmado em B\u00fazios e na Chapada Diamantina, o filme \u00e9 uma coprodu\u00e7\u00e3o entre a Bi\u00f4nica Filmes e a Barry Company, que apostam numa abordagem visual delicada e simb\u00f3lica, destaca a editora.<\/p>\n<p class=\"text-paragraph\">Segundo a Netflix, trata-se de \u201cuma f\u00e1bula sobre solid\u00e3o, amor e aceita\u00e7\u00e3o\u201d, que traduz para o cinema a for\u00e7a emocional da escrita de Valter Hugo M\u00e3e.<\/p>\n<p class=\"text-paragraph\">O elenco inclui ainda Rebeca Jamir, Johnny Massaro, Miguel Martines, Juliana Caldas, Grace Pass\u00f4, Inez Viana, L\u00edvia Silva, Antonio Haddad e Tuna Dwek.<\/p>\n<p class=\"text-paragraph\">\u00a0<\/p>\n","protected":false},"excerpt":{"rendered":"A adapta\u00e7\u00e3o do romance \u201cO Filho de Mil Homens\u201d, de Valter Hugo M\u00e3e, pelo realizador brasileiro Daniel Rezende,\u00a0&hellip;\n","protected":false},"author":2,"featured_media":157619,"comment_status":"","ping_status":"","sticky":false,"template":"","format":"standard","meta":{"footnotes":""},"categories":[140],"tags":[114,115,147,148,146,32,33],"class_list":{"0":"post-157618","1":"post","2":"type-post","3":"status-publish","4":"format-standard","5":"has-post-thumbnail","7":"category-filmes","8":"tag-entertainment","9":"tag-entretenimento","10":"tag-film","11":"tag-filmes","12":"tag-movies","13":"tag-portugal","14":"tag-pt"},"share_on_mastodon":{"url":"https:\/\/pubeurope.com\/@pt\/115576465578062986","error":""},"_links":{"self":[{"href":"https:\/\/www.europesays.com\/pt\/wp-json\/wp\/v2\/posts\/157618","targetHints":{"allow":["GET"]}}],"collection":[{"href":"https:\/\/www.europesays.com\/pt\/wp-json\/wp\/v2\/posts"}],"about":[{"href":"https:\/\/www.europesays.com\/pt\/wp-json\/wp\/v2\/types\/post"}],"author":[{"embeddable":true,"href":"https:\/\/www.europesays.com\/pt\/wp-json\/wp\/v2\/users\/2"}],"replies":[{"embeddable":true,"href":"https:\/\/www.europesays.com\/pt\/wp-json\/wp\/v2\/comments?post=157618"}],"version-history":[{"count":0,"href":"https:\/\/www.europesays.com\/pt\/wp-json\/wp\/v2\/posts\/157618\/revisions"}],"wp:featuredmedia":[{"embeddable":true,"href":"https:\/\/www.europesays.com\/pt\/wp-json\/wp\/v2\/media\/157619"}],"wp:attachment":[{"href":"https:\/\/www.europesays.com\/pt\/wp-json\/wp\/v2\/media?parent=157618"}],"wp:term":[{"taxonomy":"category","embeddable":true,"href":"https:\/\/www.europesays.com\/pt\/wp-json\/wp\/v2\/categories?post=157618"},{"taxonomy":"post_tag","embeddable":true,"href":"https:\/\/www.europesays.com\/pt\/wp-json\/wp\/v2\/tags?post=157618"}],"curies":[{"name":"wp","href":"https:\/\/api.w.org\/{rel}","templated":true}]}}