{"id":157624,"date":"2025-11-19T13:03:10","date_gmt":"2025-11-19T13:03:10","guid":{"rendered":"https:\/\/www.europesays.com\/pt\/157624\/"},"modified":"2025-11-19T13:03:10","modified_gmt":"2025-11-19T13:03:10","slug":"incendio-provoca-uma-morte-e-afeta-mais-de-170-edificios-no-japao","status":"publish","type":"post","link":"https:\/\/www.europesays.com\/pt\/157624\/","title":{"rendered":"Inc\u00eandio provoca uma morte e afeta mais de 170 edif\u00edcios no Jap\u00e3o"},"content":{"rendered":"<p><strong>Pelo menos uma pessoa morreu e mais de 170 edif\u00edcios ficaram queimados num inc\u00eandio de grandes propor\u00e7\u00f5es que deflagrou na ter\u00e7a-feira numa zona residencial do sudoeste do Jap\u00e3o, onde os bombeiros continuam esta quarta-feira a apagar as chamas.<\/strong><\/p>\n<p>A pol\u00edcia disse ter encontrado um corpo na zona do inc\u00eandio na cidade de Oita, na ilha de Kyushu, de acordo com a ag\u00eancia de not\u00edcias japonesa Kyodo.<\/p>\n<p>As autoridades est\u00e3o a tentar determinar se se trata de um homem de 76 anos que vivia na zona e que desapareceu durante o inc\u00eandio.<\/p>\n<p>Os bombeiros da cidade de Oita receberam uma chamada de emerg\u00eancia por volta das 17:45 horas locais (08:45 em Lisboa) de ter\u00e7a-feira de um residente da \u00e1rea de Saganoseki, alertando-os para um inc\u00eandio numa casa.<\/p>\n<p>O fogo j\u00e1 queimou cerca de 48.900 metros quadrados e afetou mais de 170 edif\u00edcios, for\u00e7ando \u00e0 retirada de cerca de 180 pessoas na noite de ter\u00e7a-feira para um centro comunit\u00e1rio, informou a emissora japonesa NHK.<\/p>\n<p>&#8220;O fumo est\u00e1 a diminuir&#8221;<\/p>\n<p>Os bombeiros continuavam a combater o inc\u00eandio e, embora ainda n\u00e3o tenha sido declarado extinto ao in\u00edcio da tarde (madrugada em Lisboa), as autoridades locais disseram que n\u00e3o se espera mais danos do que os j\u00e1 registados.<\/p>\n<blockquote><p> &#8220;O fumo est\u00e1 a diminuir&#8221;, disse Shogo Fujikawa, funcion\u00e1rio do Governo da prefeitura de Oita. <\/p><\/blockquote>\n<p>As autoridades locais criaram um grupo de trabalho especial para analisar a situa\u00e7\u00e3o e as medidas a tomar, tendo solicitado a ajuda das For\u00e7as de Autodefesa para controlar a situa\u00e7\u00e3o.<\/p>\n<p>Do lado do Governo central, a primeira-ministra, Sanae Takaichi, anunciou a cria\u00e7\u00e3o de um gabinete para recolher informa\u00e7\u00f5es sobre o sucedido e transmitiu as condol\u00eancias do Executivo \u00e0s pessoas afetadas.<\/p>\n<blockquote><p> &#8220;O Governo vai trabalhar com as autoridades locais para dar o m\u00e1ximo de apoio poss\u00edvel&#8221;, escreveu numa mensagem na rede social X. <\/p><\/blockquote>\n","protected":false},"excerpt":{"rendered":"Pelo menos uma pessoa morreu e mais de 170 edif\u00edcios ficaram queimados num inc\u00eandio de grandes propor\u00e7\u00f5es que&hellip;\n","protected":false},"author":2,"featured_media":157625,"comment_status":"","ping_status":"","sticky":false,"template":"","format":"standard","meta":{"footnotes":""},"categories":[50],"tags":[27,28,15,16,14,25,26,21,22,62,12,13,19,20,23,24,17,18,29,30,31,63,64,65],"class_list":{"0":"post-157624","1":"post","2":"type-post","3":"status-publish","4":"format-standard","5":"has-post-thumbnail","7":"category-mundo","8":"tag-breaking-news","9":"tag-breakingnews","10":"tag-featured-news","11":"tag-featurednews","12":"tag-headlines","13":"tag-latest-news","14":"tag-latestnews","15":"tag-main-news","16":"tag-mainnews","17":"tag-mundo","18":"tag-news","19":"tag-noticias","20":"tag-noticias-principais","21":"tag-noticiasprincipais","22":"tag-principais-noticias","23":"tag-principaisnoticias","24":"tag-top-stories","25":"tag-topstories","26":"tag-ultimas","27":"tag-ultimas-noticias","28":"tag-ultimasnoticias","29":"tag-world","30":"tag-world-news","31":"tag-worldnews"},"share_on_mastodon":{"url":"https:\/\/pubeurope.com\/@pt\/115576504649467623","error":""},"_links":{"self":[{"href":"https:\/\/www.europesays.com\/pt\/wp-json\/wp\/v2\/posts\/157624","targetHints":{"allow":["GET"]}}],"collection":[{"href":"https:\/\/www.europesays.com\/pt\/wp-json\/wp\/v2\/posts"}],"about":[{"href":"https:\/\/www.europesays.com\/pt\/wp-json\/wp\/v2\/types\/post"}],"author":[{"embeddable":true,"href":"https:\/\/www.europesays.com\/pt\/wp-json\/wp\/v2\/users\/2"}],"replies":[{"embeddable":true,"href":"https:\/\/www.europesays.com\/pt\/wp-json\/wp\/v2\/comments?post=157624"}],"version-history":[{"count":0,"href":"https:\/\/www.europesays.com\/pt\/wp-json\/wp\/v2\/posts\/157624\/revisions"}],"wp:featuredmedia":[{"embeddable":true,"href":"https:\/\/www.europesays.com\/pt\/wp-json\/wp\/v2\/media\/157625"}],"wp:attachment":[{"href":"https:\/\/www.europesays.com\/pt\/wp-json\/wp\/v2\/media?parent=157624"}],"wp:term":[{"taxonomy":"category","embeddable":true,"href":"https:\/\/www.europesays.com\/pt\/wp-json\/wp\/v2\/categories?post=157624"},{"taxonomy":"post_tag","embeddable":true,"href":"https:\/\/www.europesays.com\/pt\/wp-json\/wp\/v2\/tags?post=157624"}],"curies":[{"name":"wp","href":"https:\/\/api.w.org\/{rel}","templated":true}]}}