{"id":157631,"date":"2025-11-19T13:09:15","date_gmt":"2025-11-19T13:09:15","guid":{"rendered":"https:\/\/www.europesays.com\/pt\/157631\/"},"modified":"2025-11-19T13:09:15","modified_gmt":"2025-11-19T13:09:15","slug":"gerluce-estranha-desaparecimento-de-claudia-e-pressiona-arminda","status":"publish","type":"post","link":"https:\/\/www.europesays.com\/pt\/157631\/","title":{"rendered":"Gerluce estranha desaparecimento de Cl\u00e1udia e pressiona Arminda"},"content":{"rendered":"<p data-start=\"247\" data-end=\"566\">Nos pr\u00f3ximos cap\u00edtulos de <a href=\"https:\/\/natelinha.uol.com.br\/novelas\/tres-gracas\" rel=\"nofollow noopener\" target=\"_blank\">Tr\u00eas Gra\u00e7as<\/a>, o sumi\u00e7o de Cl\u00e1udia (Lorrana Moussinho) despertar\u00e1 suspeitas em Gerluce (<a href=\"https:\/\/natelinha.uol.com.br\/famosos\/tudo-sobre\/sophie-charlotte\" rel=\"nofollow noopener\" target=\"_blank\">Sophie Charlotte<\/a>). A jovem decidir\u00e1 confrontar Arminda\u00a0(<a href=\"https:\/\/natelinha.uol.com.br\/famosos\/tudo-sobre\/grazi-massafera\" rel=\"nofollow noopener\" target=\"_blank\">Grazi Massafera<\/a>), que estar\u00e1 em p\u00e2nico com a aus\u00eancia da funcion\u00e1ria. A empres\u00e1ria criar\u00e1 uma vers\u00e3o falsa para tentar afastar qualquer desconfian\u00e7a.<\/p>\n<p data-start=\"568\" data-end=\"871\">A situa\u00e7\u00e3o ganha for\u00e7a quando a cuidadora come\u00e7a a perceber comportamentos estranhos tanto da patroa quanto de Ferette. Al\u00e9m disso, passar\u00e1 a receber liga\u00e7\u00f5es misteriosas relacionadas ao desaparecimento de Rog\u00e9rio (<a href=\"https:\/\/natelinha.uol.com.br\/famosos\/tudo-sobre\/eduardo-moscovis\" rel=\"nofollow noopener\" target=\"_blank\">Eduardo Moscovis<\/a>), marido de Arminda, considerado morto ap\u00f3s sumir sem deixar vest\u00edgios.<\/p>\n<p data-start=\"873\" data-end=\"1127\">Com receio de que a funcion\u00e1ria desmonte seus planos, Ferette (Murilo Ben\u00edcio) ordenar\u00e1 que Macedo (Rodrigo Garcia) elimine o risco. O subordinado acionar\u00e1 Edilberto (J\u00falio Rocha), encarregado de localizar a jovem e impedir que ela revele qualquer pista.<\/p>\n<p data-start=\"1129\" data-end=\"1434\">O contratado cumprir\u00e1 a ordem e a atropelar\u00e1 intencionalmente. Logo depois, trocar\u00e1 de ve\u00edculo e fugir\u00e1 do local. Ao retornar, perceber\u00e1 que o corpo n\u00e3o est\u00e1 mais l\u00e1, fato que o deixar\u00e1 desnorteado. Sem compreender o que ocorreu, relatar\u00e1 tudo ao respons\u00e1vel, que repassar\u00e1 a informa\u00e7\u00e3o ao mentor da a\u00e7\u00e3o.<\/p>\n<p data-start=\"1129\" data-end=\"1434\">+\u00a0<a href=\"https:\/\/natelinha.uol.com.br\/novelas\/2025\/11\/18\/tres-gracas-atropelamento-e-sumico-misterioso-de-claudia-apavora-arminda-234033.php\" target=\"_blank\" rel=\"noopener noreferrer nofollow\">Tr\u00eas Gra\u00e7as: Atropelamento e sumi\u00e7o misterioso de Claudia apavora Arminda<\/a><\/p>\n<p data-start=\"1436\" data-end=\"1672\">Insatisfeito com o desenrolar da opera\u00e7\u00e3o, Ferette exigir\u00e1 que Macedo esclare\u00e7a o paradeiro da v\u00edtima. O capanga iniciar\u00e1 buscas e visitar\u00e1 a resid\u00eancia da cuidadora, mas constatar\u00e1 que ela n\u00e3o retornou ao im\u00f3vel, acentuando o mist\u00e9rio.<\/p>\n<p data-start=\"1674\" data-end=\"1992\">Em seguida, Ferette procurar\u00e1 Arminda para detalhar o que aconteceu, aumentando o desespero da empres\u00e1ria. Ela exigir\u00e1 que o aliado encontre a funcion\u00e1ria, e ele tentar\u00e1 acalm\u00e1-la, prometendo resolver o problema. Por\u00e9m, uma liga\u00e7\u00e3o an\u00f4nima informar\u00e1 que a cuidadora sofreu um acidente e ficar\u00e1 afastada por um per\u00edodo.<\/p>\n<p>Gerluce confrontar\u00e1 Arminda em Tr\u00eas Gra\u00e7as<\/p>\n<p><img decoding=\"async\" loading=\"lazy\" class=\"horizontal\" src=\"https:\/\/www.europesays.com\/pt\/wp-content\/uploads\/2025\/11\/globo-tres-gracas-gerluce-ameaca-de-morte_4517.jpeg\" alt=\"imagem-texto\"\/><\/p>\n<p data-start=\"1994\" data-end=\"2295\">Mais tranquila, Arminda oferecer\u00e1 o turno noturno de cuidados com Josefa (Arlete Salles) para Gerluce, que recusar\u00e1 a proposta. Sem outra op\u00e7\u00e3o, a empres\u00e1ria contratar\u00e1 uma substituta rec\u00e9m-chegada de Minas Gerais. Os dados da nova funcion\u00e1ria ser\u00e3o repassados ao grupo criminoso pelos dois comparsas.<\/p>\n<p data-start=\"1994\" data-end=\"2295\">+\u00a0<a href=\"https:\/\/natelinha.uol.com.br\/novelas\/2025\/11\/18\/tres-gracas-saida-de-jorginho-da-cadeia-provoca-reacao-extrema-de-gerluce-234032.php\" target=\"_blank\" rel=\"noopener noreferrer nofollow\">Tr\u00eas Gra\u00e7as: Sa\u00edda de Jorginho da cadeia provoca rea\u00e7\u00e3o extrema de Gerluce<\/a><\/p>\n<p data-start=\"2297\" data-end=\"2541\" data-is-last-node=\"\" data-is-only-node=\"\">Embora a vers\u00e3o divulgada pare\u00e7a convincente, Gerluce continuar\u00e1 estranhando a aus\u00eancia repentina e decidir\u00e1 questionar Arminda. Pressionada, a empres\u00e1ria mentir\u00e1 ao afirmar que a antiga funcion\u00e1ria viajou ao estado natal para visitar parentes.<\/p>\n<p><strong>Confira os resumos da semana das outras novelas:<\/strong><\/p>\n<p>O\u00a0<strong>NaTelinha<\/strong>\u00a0divulga todos os dias os resumos dos cap\u00edtulos, detalhes dos personagens, entrevistas exclusivas com o elenco e spoilers da novela Tr\u00eas Gra\u00e7as.<\/p>\n<p>continua depois da publicidade<\/p>\n<p><strong>Confira a abertura de Tr\u00eas Gra\u00e7as:\u00a0<\/strong><\/p>\n<p>                                <img decoding=\"async\" loading=\"lazy\" class=\"horizontal\" alt=\"Imagem da thumbnail do v\u00eddeo!\" src=\"https:\/\/www.europesays.com\/pt\/wp-content\/uploads\/2025\/10\/1761295702_715_hqdefault.jpg\"\/><\/p>\n","protected":false},"excerpt":{"rendered":"Nos pr\u00f3ximos cap\u00edtulos de Tr\u00eas Gra\u00e7as, o sumi\u00e7o de Cl\u00e1udia (Lorrana Moussinho) despertar\u00e1 suspeitas em Gerluce (Sophie Charlotte).&hellip;\n","protected":false},"author":2,"featured_media":157632,"comment_status":"","ping_status":"","sticky":false,"template":"","format":"standard","meta":{"footnotes":""},"categories":[142],"tags":[28671,114,115,30805,32,33,4376,151],"class_list":{"0":"post-157631","1":"post","2":"type-post","3":"status-publish","4":"format-standard","5":"has-post-thumbnail","7":"category-tv","8":"tag-arminda-tres-gracas","9":"tag-entertainment","10":"tag-entretenimento","11":"tag-gerluce-tres-gracas","12":"tag-portugal","13":"tag-pt","14":"tag-tres-gracas","15":"tag-tv"},"share_on_mastodon":{"url":"https:\/\/pubeurope.com\/@pt\/115576528404987601","error":""},"_links":{"self":[{"href":"https:\/\/www.europesays.com\/pt\/wp-json\/wp\/v2\/posts\/157631","targetHints":{"allow":["GET"]}}],"collection":[{"href":"https:\/\/www.europesays.com\/pt\/wp-json\/wp\/v2\/posts"}],"about":[{"href":"https:\/\/www.europesays.com\/pt\/wp-json\/wp\/v2\/types\/post"}],"author":[{"embeddable":true,"href":"https:\/\/www.europesays.com\/pt\/wp-json\/wp\/v2\/users\/2"}],"replies":[{"embeddable":true,"href":"https:\/\/www.europesays.com\/pt\/wp-json\/wp\/v2\/comments?post=157631"}],"version-history":[{"count":0,"href":"https:\/\/www.europesays.com\/pt\/wp-json\/wp\/v2\/posts\/157631\/revisions"}],"wp:featuredmedia":[{"embeddable":true,"href":"https:\/\/www.europesays.com\/pt\/wp-json\/wp\/v2\/media\/157632"}],"wp:attachment":[{"href":"https:\/\/www.europesays.com\/pt\/wp-json\/wp\/v2\/media?parent=157631"}],"wp:term":[{"taxonomy":"category","embeddable":true,"href":"https:\/\/www.europesays.com\/pt\/wp-json\/wp\/v2\/categories?post=157631"},{"taxonomy":"post_tag","embeddable":true,"href":"https:\/\/www.europesays.com\/pt\/wp-json\/wp\/v2\/tags?post=157631"}],"curies":[{"name":"wp","href":"https:\/\/api.w.org\/{rel}","templated":true}]}}