{"id":157633,"date":"2025-11-19T13:16:13","date_gmt":"2025-11-19T13:16:13","guid":{"rendered":"https:\/\/www.europesays.com\/pt\/157633\/"},"modified":"2025-11-19T13:16:13","modified_gmt":"2025-11-19T13:16:13","slug":"apos-mais-de-50-anos-um-dos-filmes-mais-engracados-de-todos-os-tempos-ganhara-uma-sequencia-e-algumas-das-maiores-estrelas-da-comedia-da-atualidade-estao-confirmadas-no-elenco-noticias-de","status":"publish","type":"post","link":"https:\/\/www.europesays.com\/pt\/157633\/","title":{"rendered":"Ap\u00f3s mais de 50 anos, um dos filmes mais engra\u00e7ados de todos os tempos ganhar\u00e1 uma sequ\u00eancia \u2013 e algumas das maiores estrelas da com\u00e9dia da atualidade est\u00e3o confirmadas no elenco &#8211; Not\u00edcias de cinema"},"content":{"rendered":"<p>O Jovem Frankenstein \u00e9 considerado um dos filmes mais c\u00f4micos de todos os tempos.<\/p>\n<p class=\"bo-p\">Embora par\u00f3dias de grandes sucessos de bilheteria ainda existam hoje em dia, o auge desse g\u00eanero j\u00e1 passou. Seja <a href=\"https:\/\/www.adorocinema.com\/filmes\/filme-4528\/\" class=\"bo-link\" rel=\"nofollow noopener\" target=\"_blank\">Corra que a Pol\u00edcia Vem A\u00ed!<\/a>, <a href=\"https:\/\/www.adorocinema.com\/filmes\/filme-36184\/\" class=\"bo-link\" rel=\"nofollow noopener\" target=\"_blank\">Apertem os Cintos&#8230; O Piloto Sumiu<\/a> ou <a href=\"https:\/\/www.adorocinema.com\/filmes\/filme-7173\/\" class=\"bo-link\" rel=\"nofollow noopener\" target=\"_blank\">Top Gang \u2013 Ases Muito Loucos<\/a>: todos esses filmes t\u00eam d\u00e9cadas de exist\u00eancia. O mesmo acontece com <a href=\"https:\/\/www.adorocinema.com\/filmes\/filme-556\/\" class=\"bo-link\" rel=\"nofollow noopener\" target=\"_blank\">O Jovem Frankenstein<\/a>, que chegou aos cinemas em 1974 e, portanto, tem mais de 50 anos. Mesmo assim ainda \u00e9 considerado um dos longas mais engra\u00e7ados de todos os tempos, como comprovam diversas listas de melhores filmes (como as da Total Film e do American Film Institute). <\/p>\n<p class=\"bo-p\">Foi anunciado uma s\u00e9rie prequel de Young Frankenstein, no original, pelo canal <b>FX<\/b>, pertencente \u00e0 <b>Disney<\/b>, que encomendou um epis\u00f3dio piloto de <b>Very Young Frankenstein<\/b>. <\/p>\n<p class=\"bo-p\">Caso o piloto impressione a emissora e uma temporada completa seja encomendada, a s\u00e9rie ser\u00e1 exibida no servi\u00e7o de streaming americano <b>Hulu<\/b> \u2014 e, consequentemente, no <a href=\"https:\/\/www.adorocinema.com\/distribuidores\/distribuidor-50176\/\" class=\"bo-link\" rel=\"nofollow noopener\" target=\"_blank\">Disney+<\/a> no Brasil. Esta seria a oportunidade perfeita para tamb\u00e9m oferecer O Jovem Frankenstein no pa\u00eds. <\/p>\n<p>    <a class=\"cms-see-also\" data-title=\"Link relacionado\" href=\"https:\/\/www.adorocinema.com\/noticias\/filmes\/noticia-1000162268\/\" rel=\"nofollow noopener\" target=\"_blank\">Dois diretores arruinaram o cinema de par\u00f3dia e nos fizeram odi\u00e1-lo, mas duas sequ\u00eancias em produ\u00e7\u00e3o podem ser a esperan\u00e7a do g\u00eanero<\/a><br \/>\nEstas estrelas est\u00e3o em Very Young Frankenstein <\/p>\n<p class=\"bo-p\">Em termos de talento c\u00f4mico concentrado, Very Young Frankenstein parece estar seguindo os passos de O Jovem Frankenstein. Por exemplo, <a href=\"https:\/\/www.adorocinema.com\/personalidades\/personalidade-8406\/\" class=\"bo-link\" rel=\"nofollow noopener\" target=\"_blank\">Cary Elwes<\/a> interpretar\u00e1 um papel principal como o Presidente dos Estados Unidos. Elwes \u00e9 conhecido por filmes como <a href=\"https:\/\/www.adorocinema.com\/filmes\/filme-57410\/\" class=\"bo-link\" rel=\"nofollow noopener\" target=\"_blank\">Jogos Mortais<\/a> e os dois \u00faltimos filmes da franquia <a href=\"https:\/\/www.adorocinema.com\/filmes\/filme-15308\/\" class=\"bo-link\" rel=\"nofollow noopener\" target=\"_blank\">Miss\u00e3o Imposs\u00edvel<\/a>, mas especialmente pelo encantador conto de fadas <a href=\"https:\/\/www.adorocinema.com\/filmes\/filme-3326\/\" class=\"bo-link\" rel=\"nofollow noopener\" target=\"_blank\">A Princesa Prometida<\/a> e pela par\u00f3dia de <a href=\"https:\/\/www.adorocinema.com\/filmes\/filme-6949\/\" class=\"bo-link\" rel=\"nofollow noopener\" target=\"_blank\">Robin Hood<\/a> de 1993, <a href=\"https:\/\/www.adorocinema.com\/filmes\/filme-35801\/\" class=\"bo-link\" rel=\"nofollow noopener\" target=\"_blank\">A Louca Louca Hist\u00f3ria de Robin Hood<\/a>. <\/p>\n<p class=\"bo-p\">Al\u00e9m disso, <a href=\"https:\/\/www.adorocinema.com\/personalidades\/personalidade-68418\/\" class=\"bo-link\" rel=\"nofollow noopener\" target=\"_blank\">Zach Galifianakis<\/a> (famoso por <a href=\"https:\/\/www.adorocinema.com\/filmes\/filme-131394\/\" class=\"bo-link\" rel=\"nofollow noopener\" target=\"_blank\">Se Beber, N\u00e3o Case!<\/a>) e v\u00e1rios outros comediantes, como <a href=\"https:\/\/www.adorocinema.com\/personalidades\/personalidade-445697\/\" class=\"bo-link\" rel=\"nofollow noopener\" target=\"_blank\">Kumail Nanjiani<\/a> (<a href=\"https:\/\/www.adorocinema.com\/series\/serie-11701\/\" class=\"bo-link\" rel=\"nofollow noopener\" target=\"_blank\">Silicon Valley<\/a>, <a href=\"https:\/\/www.adorocinema.com\/filmes\/filme-246901\/\" class=\"bo-link\" rel=\"nofollow noopener\" target=\"_blank\">Stuber<\/a>), <a href=\"https:\/\/www.adorocinema.com\/personalidades\/personalidade-177192\/\" class=\"bo-link\" rel=\"nofollow noopener\" target=\"_blank\">Dolly Wells<\/a> (<a href=\"https:\/\/www.adorocinema.com\/filmes\/filme-29137\/\" class=\"bo-link\" rel=\"nofollow noopener\" target=\"_blank\">O Di\u00e1rio de Bridget Jones<\/a>), <a href=\"https:\/\/www.adorocinema.com\/personalidades\/personalidade-873906\/\" class=\"bo-link\" rel=\"nofollow noopener\" target=\"_blank\">Spencer House<\/a> (<a href=\"https:\/\/www.adorocinema.com\/series\/serie-29803\/\" class=\"bo-link\" rel=\"nofollow noopener\" target=\"_blank\">Me Conte Mentiras<\/a>, <a href=\"https:\/\/www.adorocinema.com\/series\/serie-24672\/\" class=\"bo-link\" rel=\"nofollow noopener\" target=\"_blank\">Space Force<\/a>) e <b>Nikki Crawford<\/b> (<a href=\"https:\/\/www.adorocinema.com\/series\/serie-30064\/\" class=\"bo-link\" rel=\"nofollow noopener\" target=\"_blank\">O Rastreador<\/a>, <a href=\"https:\/\/www.adorocinema.com\/series\/serie-22123\/\" class=\"bo-link\" rel=\"nofollow noopener\" target=\"_blank\">9-1-1<\/a>), tamb\u00e9m estar\u00e3o em Very Young Frankenstein. <\/p>\n<p class=\"bo-p\">Segundo a <b>Variety<\/b>, Galifianakis interpretar\u00e1 Victor Frankenstein, o av\u00f4 de Frederick Frankenstein, o personagem principal vivido por <a href=\"https:\/\/www.adorocinema.com\/personalidades\/personalidade-1781\/\" class=\"bo-link\" rel=\"nofollow noopener\" target=\"_blank\">Gene Wilder<\/a> em O Jovem Frankenstein, que herda o castelo de seu ancestral na Transilv\u00e2nia. Al\u00e9m disso, nenhum outro detalhe sobre o enredo da s\u00e9rie foi divulgado. <\/p>\n<p class=\"bo-p\">Very Young Frankenstein \u00e9 uma produ\u00e7\u00e3o do trio de <a href=\"https:\/\/www.adorocinema.com\/filmes\/filme-226427\/\" class=\"bo-link\" rel=\"nofollow noopener\" target=\"_blank\">O Que Fazemos nas Sombras<\/a>, <a href=\"https:\/\/www.adorocinema.com\/personalidades\/personalidade-807678\/\" class=\"bo-link\" rel=\"nofollow noopener\" target=\"_blank\">Stefani Robinson<\/a>, <a href=\"https:\/\/www.adorocinema.com\/personalidades\/personalidade-240153\/\" class=\"bo-link\" rel=\"nofollow noopener\" target=\"_blank\">Garrett Basch<\/a> e <a href=\"https:\/\/www.adorocinema.com\/personalidades\/personalidade-209499\/\" class=\"bo-link\" rel=\"nofollow noopener\" target=\"_blank\">Taika Waititi<\/a>. Este \u00faltimo tamb\u00e9m entregou um dos filmes mais populares e engra\u00e7ados do MCU, <a href=\"https:\/\/www.adorocinema.com\/filmes\/filme-223252\/\" class=\"bo-link\" rel=\"nofollow noopener\" target=\"_blank\">Thor: Ragnarok<\/a>, ent\u00e3o a s\u00e9rie tamb\u00e9m conta com muito talento c\u00f4mico por tr\u00e1s das c\u00e2meras. <\/p>\n","protected":false},"excerpt":{"rendered":"O Jovem Frankenstein \u00e9 considerado um dos filmes mais c\u00f4micos de todos os tempos. Embora par\u00f3dias de grandes&hellip;\n","protected":false},"author":2,"featured_media":157634,"comment_status":"","ping_status":"","sticky":false,"template":"","format":"standard","meta":{"footnotes":""},"categories":[140],"tags":[114,115,147,148,146,33786,32,33],"class_list":{"0":"post-157633","1":"post","2":"type-post","3":"status-publish","4":"format-standard","5":"has-post-thumbnail","7":"category-filmes","8":"tag-entertainment","9":"tag-entretenimento","10":"tag-film","11":"tag-filmes","12":"tag-movies","13":"tag-o_jovem_frankenstein","14":"tag-portugal","15":"tag-pt"},"share_on_mastodon":{"url":"https:\/\/pubeurope.com\/@pt\/115576555796587724","error":""},"_links":{"self":[{"href":"https:\/\/www.europesays.com\/pt\/wp-json\/wp\/v2\/posts\/157633","targetHints":{"allow":["GET"]}}],"collection":[{"href":"https:\/\/www.europesays.com\/pt\/wp-json\/wp\/v2\/posts"}],"about":[{"href":"https:\/\/www.europesays.com\/pt\/wp-json\/wp\/v2\/types\/post"}],"author":[{"embeddable":true,"href":"https:\/\/www.europesays.com\/pt\/wp-json\/wp\/v2\/users\/2"}],"replies":[{"embeddable":true,"href":"https:\/\/www.europesays.com\/pt\/wp-json\/wp\/v2\/comments?post=157633"}],"version-history":[{"count":0,"href":"https:\/\/www.europesays.com\/pt\/wp-json\/wp\/v2\/posts\/157633\/revisions"}],"wp:featuredmedia":[{"embeddable":true,"href":"https:\/\/www.europesays.com\/pt\/wp-json\/wp\/v2\/media\/157634"}],"wp:attachment":[{"href":"https:\/\/www.europesays.com\/pt\/wp-json\/wp\/v2\/media?parent=157633"}],"wp:term":[{"taxonomy":"category","embeddable":true,"href":"https:\/\/www.europesays.com\/pt\/wp-json\/wp\/v2\/categories?post=157633"},{"taxonomy":"post_tag","embeddable":true,"href":"https:\/\/www.europesays.com\/pt\/wp-json\/wp\/v2\/tags?post=157633"}],"curies":[{"name":"wp","href":"https:\/\/api.w.org\/{rel}","templated":true}]}}