{"id":157636,"date":"2025-11-19T13:22:17","date_gmt":"2025-11-19T13:22:17","guid":{"rendered":"https:\/\/www.europesays.com\/pt\/157636\/"},"modified":"2025-11-19T13:22:17","modified_gmt":"2025-11-19T13:22:17","slug":"preocupada-com-ataques-ucranianos-russia-aprova-nova-lei-de-defesa-com-mais-repressao","status":"publish","type":"post","link":"https:\/\/www.europesays.com\/pt\/157636\/","title":{"rendered":"Preocupada com ataques ucranianos, R\u00fassia aprova nova lei de Defesa com mais repress\u00e3o"},"content":{"rendered":"<p><b>Acompanhe toda a atualidade informativa em\u00a0<\/b><a href=\"http:\/\/24noticias.sapo.pt\/\" rel=\"nofollow noopener\" target=\"_blank\"><b>24noticias.sapo.pt<\/b><\/a><\/p>\n<p id=\"s-p-embed-691\" data-start=\"0\" data-end=\"1619\" data-is-last-node=\"\" data-is-only-node=\"\">\u00a0Quase quatro anos ap\u00f3s o in\u00edcio da invas\u00e3o da Ucr\u00e2nia, Moscovo enfrenta ataques di\u00e1rios de drones que t\u00eam atingido refinarias, infraestruturas energ\u00e9ticas e figuras militares de alto perfil. Para proteger estes alvos, Vladimir Putin autorizou o destacamento de reservistas \u2013 um universo de cerca de dois milh\u00f5es de pessoas \u2013 para vigiar instala\u00e7\u00f5es estrat\u00e9gicas sem recorrer a uma nova mobiliza\u00e7\u00e3o, que continua impopular.<\/p>\n<p>Paralelamente, o pa\u00eds est\u00e1 a implementar medidas de guerra eletr\u00f3nica, incluindo o bloqueio autom\u00e1tico de cart\u00f5es SIM durante 24 horas para viajantes que regressam ao pa\u00eds, visando impedir o uso de redes civis por drones ucranianos.<\/p>\n<p>A aplica\u00e7\u00e3o destas regras tem causado caos e falhas de liga\u00e7\u00e3o, sobretudo em zonas fronteiri\u00e7as, adianta o <a href=\"https:\/\/www.theguardian.com\/world\/2025\/nov\/19\/moscow-passes-laws-to-boost-defences-against-ukrainian-strikes\" rel=\"nofollow noopener\" target=\"_blank\">The Guardian<\/a>. Estas medidas, combinadas com a intensifica\u00e7\u00e3o da defesa f\u00edsica, representam um novo n\u00edvel de intrus\u00e3o estatal na vida quotidiana e preparam a popula\u00e7\u00e3o para uma \u201cexist\u00eancia semi-militar\u201d, segundo analistas.<\/p>\n<p>Ao mesmo tempo, Moscovo endureceu drasticamente as penas para sabotagem, podendo condenar menores a pris\u00e3o perp\u00e9tua e baixando a idade de responsabilidade criminal para 14 anos, numa resposta \u00e0s a\u00e7\u00f5es clandestinas ucranianas em territ\u00f3rio russo.<\/p>\n<p>Apesar de afirmar estar aberto a negocia\u00e7\u00f5es, o Kremlin n\u00e3o mostra sinais de reduzir as suas exig\u00eancias, enquanto prepara a sociedade para mais sacrif\u00edcios perante um conflito que j\u00e1 dura mais do que a participa\u00e7\u00e3o da R\u00fassia na Segunda Guerra Mundial.<\/p>\n","protected":false},"excerpt":{"rendered":"Acompanhe toda a atualidade informativa em\u00a024noticias.sapo.pt \u00a0Quase quatro anos ap\u00f3s o in\u00edcio da invas\u00e3o da Ucr\u00e2nia, Moscovo enfrenta&hellip;\n","protected":false},"author":2,"featured_media":157637,"comment_status":"","ping_status":"","sticky":false,"template":"","format":"standard","meta":{"footnotes":""},"categories":[50],"tags":[27,28,15,16,14,25,26,21,22,62,12,13,19,20,23,24,17,18,29,30,31,63,64,65],"class_list":{"0":"post-157636","1":"post","2":"type-post","3":"status-publish","4":"format-standard","5":"has-post-thumbnail","7":"category-mundo","8":"tag-breaking-news","9":"tag-breakingnews","10":"tag-featured-news","11":"tag-featurednews","12":"tag-headlines","13":"tag-latest-news","14":"tag-latestnews","15":"tag-main-news","16":"tag-mainnews","17":"tag-mundo","18":"tag-news","19":"tag-noticias","20":"tag-noticias-principais","21":"tag-noticiasprincipais","22":"tag-principais-noticias","23":"tag-principaisnoticias","24":"tag-top-stories","25":"tag-topstories","26":"tag-ultimas","27":"tag-ultimas-noticias","28":"tag-ultimasnoticias","29":"tag-world","30":"tag-world-news","31":"tag-worldnews"},"share_on_mastodon":{"url":"https:\/\/pubeurope.com\/@pt\/115576579357585908","error":""},"_links":{"self":[{"href":"https:\/\/www.europesays.com\/pt\/wp-json\/wp\/v2\/posts\/157636","targetHints":{"allow":["GET"]}}],"collection":[{"href":"https:\/\/www.europesays.com\/pt\/wp-json\/wp\/v2\/posts"}],"about":[{"href":"https:\/\/www.europesays.com\/pt\/wp-json\/wp\/v2\/types\/post"}],"author":[{"embeddable":true,"href":"https:\/\/www.europesays.com\/pt\/wp-json\/wp\/v2\/users\/2"}],"replies":[{"embeddable":true,"href":"https:\/\/www.europesays.com\/pt\/wp-json\/wp\/v2\/comments?post=157636"}],"version-history":[{"count":0,"href":"https:\/\/www.europesays.com\/pt\/wp-json\/wp\/v2\/posts\/157636\/revisions"}],"wp:featuredmedia":[{"embeddable":true,"href":"https:\/\/www.europesays.com\/pt\/wp-json\/wp\/v2\/media\/157637"}],"wp:attachment":[{"href":"https:\/\/www.europesays.com\/pt\/wp-json\/wp\/v2\/media?parent=157636"}],"wp:term":[{"taxonomy":"category","embeddable":true,"href":"https:\/\/www.europesays.com\/pt\/wp-json\/wp\/v2\/categories?post=157636"},{"taxonomy":"post_tag","embeddable":true,"href":"https:\/\/www.europesays.com\/pt\/wp-json\/wp\/v2\/tags?post=157636"}],"curies":[{"name":"wp","href":"https:\/\/api.w.org\/{rel}","templated":true}]}}