{"id":157638,"date":"2025-11-19T13:23:08","date_gmt":"2025-11-19T13:23:08","guid":{"rendered":"https:\/\/www.europesays.com\/pt\/157638\/"},"modified":"2025-11-19T13:23:08","modified_gmt":"2025-11-19T13:23:08","slug":"ozempic-medica-detida-por-prescricao-a-falsos-diabeticos-observador","status":"publish","type":"post","link":"https:\/\/www.europesays.com\/pt\/157638\/","title":{"rendered":"Ozempic. M\u00e9dica detida por prescri\u00e7\u00e3o a falsos diab\u00e9ticos \u2013 Observador"},"content":{"rendered":"<p>A Pol\u00edcia Judici\u00e1ria deteve a endocrinologista Gra\u00e7a Vargas, suspeita de conduzir um esquema fraudulento de prescri\u00e7\u00e3o indevida de medicamentos antidiab\u00e9ticos usados para perda de peso, entre eles Ozempic, Victoza e Trulicity, avan\u00e7ou esta quarta-feira a <a href=\"https:\/\/cnnportugal.iol.pt\/policia-judiciaria\/saude\/detida-a-medica-campea-das-receitas-de-ozempic-para-falsos-diabeticos\/20251119\/691d9f44d34e3caad84b7104\" rel=\"nofollow noopener\" target=\"_blank\">CNN Portugal<\/a>.<\/p>\n<p>De acordo com a investiga\u00e7\u00e3o, <strong>denominada Ob\u00e9lix<\/strong>, a m\u00e9dica emitia receitas a utentes n\u00e3o diab\u00e9ticos, simulando que o eram, permitindo-lhes aceder aos f\u00e1rmacos com comparticipa\u00e7\u00e3o do Estado.<\/p>\n<p>Gra\u00e7a Vargas \u00e9 investigada pelos <strong>crimes de burla qualificada e falsidade inform\u00e1tica<\/strong>. Para al\u00e9m da endocrinologista, est\u00e3o tamb\u00e9m sob suspeita uma outra m\u00e9dica e um advogado. A opera\u00e7\u00e3o, coordenada pelo Departamento de Investiga\u00e7\u00e3o e A\u00e7\u00e3o Penal Regional do Porto, inclui buscas em instala\u00e7\u00f5es ligadas \u00e0 m\u00e9dica, nomeadamente a cl\u00ednica onde exercia.<\/p>\n<p>\u201cAs buscas visaram a resid\u00eancia dos principais suspeitos, um escrit\u00f3rio de advogados, um estabelecimento de sa\u00fade e a sede de duas empresas, em Albufeira e no Funchal, que tudo leva a crer ser de \u201cfachada\u201d, assim como a gabinetes de contabilidade em Santa Maria da Feira e Lousada\u201d, afirmou a PJ em comunicado.<\/p>\n<p>O volume de prescri\u00e7\u00f5es chamou \u00e0 aten\u00e7\u00e3o das autoridades. A endocrinologista ter\u00e1 registado prescri\u00e7\u00f5es superiores a <strong>9,7 milh\u00f5es de euros<\/strong>, afirmando-se como a maior prescritora do pa\u00eds neste tipo de medicamentos. <strong>O SNS suportou mais de 3 milh\u00f5es de euros em comparticipa\u00e7\u00f5es<\/strong> \u201cpor via do pagamento de taxas de comparticipa\u00e7\u00e3o, obtidas de forma fraudulenta\u201d, que totalizam mais de 65 mil embalagens dispensadas a 1.914 utentes.<\/p>\n<p>Se o doente for realmente diab\u00e9tico, \u201ca comparticipa\u00e7\u00e3o do Servi\u00e7o Nacional de Sa\u00fade (SNS) para este tipo de medica\u00e7\u00e3o pode atingir os <strong>95% do seu valor\u201d<\/strong>, sublinhou a PJ.<\/p>\n<p>A investiga\u00e7\u00e3o destaca, ainda, o papel da farm\u00e1cia do Porto, identificada como aquela que mais medicamentos dispensou aos \u201cfalsos diab\u00e9ticos\u201d. As receitas da m\u00e9dica representavam <strong>9,4%<\/strong> do valor total de comparticipa\u00e7\u00f5es do SNS atribu\u00eddas ao estabelecimento.<\/p>\n<p>A detida vai ser presente ao primeiro interrogat\u00f3rio judicial para aplica\u00e7\u00e3o das medidas de coa\u00e7\u00e3o.<\/p>\n","protected":false},"excerpt":{"rendered":"A Pol\u00edcia Judici\u00e1ria deteve a endocrinologista Gra\u00e7a Vargas, suspeita de conduzir um esquema fraudulento de prescri\u00e7\u00e3o indevida de&hellip;\n","protected":false},"author":2,"featured_media":157639,"comment_status":"","ping_status":"","sticky":false,"template":"","format":"standard","meta":{"footnotes":""},"categories":[10],"tags":[27,28,604,15,16,14,300,25,26,21,22,12,13,19,20,57,3918,32,23,24,33,1209,58,17,18,29,30,31],"class_list":{"0":"post-157638","1":"post","2":"type-post","3":"status-publish","4":"format-standard","5":"has-post-thumbnail","7":"category-portugal","8":"tag-breaking-news","9":"tag-breakingnews","10":"tag-crime","11":"tag-featured-news","12":"tag-featurednews","13":"tag-headlines","14":"tag-justiu00e7a","15":"tag-latest-news","16":"tag-latestnews","17":"tag-main-news","18":"tag-mainnews","19":"tag-news","20":"tag-noticias","21":"tag-noticias-principais","22":"tag-noticiasprincipais","23":"tag-pau00eds","24":"tag-polu00edcia-judiciu00e1ria","25":"tag-portugal","26":"tag-principais-noticias","27":"tag-principaisnoticias","28":"tag-pt","29":"tag-serviu00e7o-nacional-de-sau00fade","30":"tag-sociedade","31":"tag-top-stories","32":"tag-topstories","33":"tag-ultimas","34":"tag-ultimas-noticias","35":"tag-ultimasnoticias"},"share_on_mastodon":{"url":"https:\/\/pubeurope.com\/@pt\/115576583415616448","error":""},"_links":{"self":[{"href":"https:\/\/www.europesays.com\/pt\/wp-json\/wp\/v2\/posts\/157638","targetHints":{"allow":["GET"]}}],"collection":[{"href":"https:\/\/www.europesays.com\/pt\/wp-json\/wp\/v2\/posts"}],"about":[{"href":"https:\/\/www.europesays.com\/pt\/wp-json\/wp\/v2\/types\/post"}],"author":[{"embeddable":true,"href":"https:\/\/www.europesays.com\/pt\/wp-json\/wp\/v2\/users\/2"}],"replies":[{"embeddable":true,"href":"https:\/\/www.europesays.com\/pt\/wp-json\/wp\/v2\/comments?post=157638"}],"version-history":[{"count":0,"href":"https:\/\/www.europesays.com\/pt\/wp-json\/wp\/v2\/posts\/157638\/revisions"}],"wp:featuredmedia":[{"embeddable":true,"href":"https:\/\/www.europesays.com\/pt\/wp-json\/wp\/v2\/media\/157639"}],"wp:attachment":[{"href":"https:\/\/www.europesays.com\/pt\/wp-json\/wp\/v2\/media?parent=157638"}],"wp:term":[{"taxonomy":"category","embeddable":true,"href":"https:\/\/www.europesays.com\/pt\/wp-json\/wp\/v2\/categories?post=157638"},{"taxonomy":"post_tag","embeddable":true,"href":"https:\/\/www.europesays.com\/pt\/wp-json\/wp\/v2\/tags?post=157638"}],"curies":[{"name":"wp","href":"https:\/\/api.w.org\/{rel}","templated":true}]}}