{"id":157640,"date":"2025-11-19T13:24:12","date_gmt":"2025-11-19T13:24:12","guid":{"rendered":"https:\/\/www.europesays.com\/pt\/157640\/"},"modified":"2025-11-19T13:24:12","modified_gmt":"2025-11-19T13:24:12","slug":"operacao-contra-cv-tem-2-mortos-na-vila-kennedy-no-rj-19-11-2025-cotidiano","status":"publish","type":"post","link":"https:\/\/www.europesays.com\/pt\/157640\/","title":{"rendered":"Opera\u00e7\u00e3o contra CV tem 2 mortos na Vila Kennedy, no RJ &#8211; 19\/11\/2025 &#8211; Cotidiano"},"content":{"rendered":"<p>As pol\u00edcias Militar e Civil realizam na manh\u00e3 desta quarta-feira (19) mais uma etapa da <a href=\"https:\/\/www1.folha.uol.com.br\/cotidiano\/2025\/11\/policia-do-rio-de-janeiro-faz-mais-uma-etapa-da-operacao-contencao.shtml\" rel=\"nofollow noopener\" target=\"\">Opera\u00e7\u00e3o Conten\u00e7\u00e3o<\/a> no <a href=\"https:\/\/www1.folha.uol.com.br\/folha-topicos\/rio-de-janeiro\/\" rel=\"nofollow noopener\" target=\"\">Rio de Janeiro<\/a>. Os policiais est\u00e3o na Vila Kennedy, na zona oeste da cidade, em uma a\u00e7\u00e3o contra o CV (Comando Vermelho).<\/p>\n<p>Dois homens apontados pela pol\u00edcia como suspeitos foram mortos e outros 16, presos. At\u00e9 o momento, dois fuzis, uma pistola e dois artefatos explosivos foram apreendidos.<\/p>\n<p>De acordo com a Pol\u00edcia Militar, a opera\u00e7\u00e3o tem como objetivo enfraquecer a atua\u00e7\u00e3o de integrantes do Comando Vermelho principalmente em roubos e no desmanche de ve\u00edculos na regi\u00e3o. A a\u00e7\u00e3o mobiliza unidades subordinadas ao COE (Comando de Opera\u00e7\u00f5es Especiais), al\u00e9m da Core (Coordenadoria de Recursos Especiais) da Pol\u00edcia Civil e outras delegacias especializadas.<\/p>\n<p>&#8220;Essa \u00e9 mais uma etapa da Opera\u00e7\u00e3o Conten\u00e7\u00e3o e mostra o combate ao Comando Vermelho, em suas diversas atividades delituosas. A fac\u00e7\u00e3o se aproveita da expans\u00e3o territorial para praticar toda gama de crimes, fortalecendo sua estrutura financeira. Por meio de investiga\u00e7\u00e3o e a\u00e7\u00f5es estrat\u00e9gicas, estamos enfraquecendo a organiza\u00e7\u00e3o criminosa&#8221;, afirmou o secret\u00e1rio de Pol\u00edcia Civil, delegado Felipe Curi.<\/p>\n<p>Na ter\u00e7a-feira (18), as pol\u00edcias Militar e Civil <a href=\"https:\/\/www1.folha.uol.com.br\/cotidiano\/2025\/11\/policia-do-rj-prende-suspeito-de-fornecer-material-para-instalacao-de-barricadas.shtml\" rel=\"nofollow noopener\" target=\"\">prenderam 21 pessoas sob suspeita de envolvimento<\/a> com um grupo que fornece e viabiliza a instala\u00e7\u00e3o de barricadas em acessos a comunidades do estado.<\/p>\n<p>Um dos presos foi Cosme Rog\u00e9rio Ferreira Dias, suspeito, segundo a pol\u00edcia, de ser o principal respons\u00e1vel por fornecer o material para instala\u00e7\u00e3o das obstru\u00e7\u00f5es, geralmente feitas de concreto e a\u00e7o.<\/p>\n<p>Tratado nos materiais da <a href=\"https:\/\/www1.folha.uol.com.br\/folha-topicos\/policia-civil\/\" rel=\"nofollow noopener\" target=\"_blank\">Pol\u00edcia Civil<\/a> como &#8220;Mentor de Barricadas&#8221;, ele \u00e9 dono de uma empresa que atuaria no com\u00e9rcio de pe\u00e7as de a\u00e7o.<\/p>\n","protected":false},"excerpt":{"rendered":"As pol\u00edcias Militar e Civil realizam na manh\u00e3 desta quarta-feira (19) mais uma etapa da Opera\u00e7\u00e3o Conten\u00e7\u00e3o no&hellip;\n","protected":false},"author":2,"featured_media":157641,"comment_status":"","ping_status":"","sticky":false,"template":"","format":"standard","meta":{"footnotes":""},"categories":[8],"tags":[27,28,33787,15,16,236,14,25,26,21,22,12,13,19,20,32,23,24,33,17,18,31953,29,30,31,3097],"class_list":{"0":"post-157640","1":"post","2":"type-post","3":"status-publish","4":"format-standard","5":"has-post-thumbnail","7":"category-principais-noticias","8":"tag-breaking-news","9":"tag-breakingnews","10":"tag-combate-ao-narcotrafico","11":"tag-featured-news","12":"tag-featurednews","13":"tag-folha","14":"tag-headlines","15":"tag-latest-news","16":"tag-latestnews","17":"tag-main-news","18":"tag-mainnews","19":"tag-news","20":"tag-noticias","21":"tag-noticias-principais","22":"tag-noticiasprincipais","23":"tag-portugal","24":"tag-principais-noticias","25":"tag-principaisnoticias","26":"tag-pt","27":"tag-top-stories","28":"tag-topstories","29":"tag-trafico-de-drogas","30":"tag-ultimas","31":"tag-ultimas-noticias","32":"tag-ultimasnoticias","33":"tag-violencia"},"share_on_mastodon":{"url":"https:\/\/pubeurope.com\/@pt\/115576587228989803","error":""},"_links":{"self":[{"href":"https:\/\/www.europesays.com\/pt\/wp-json\/wp\/v2\/posts\/157640","targetHints":{"allow":["GET"]}}],"collection":[{"href":"https:\/\/www.europesays.com\/pt\/wp-json\/wp\/v2\/posts"}],"about":[{"href":"https:\/\/www.europesays.com\/pt\/wp-json\/wp\/v2\/types\/post"}],"author":[{"embeddable":true,"href":"https:\/\/www.europesays.com\/pt\/wp-json\/wp\/v2\/users\/2"}],"replies":[{"embeddable":true,"href":"https:\/\/www.europesays.com\/pt\/wp-json\/wp\/v2\/comments?post=157640"}],"version-history":[{"count":0,"href":"https:\/\/www.europesays.com\/pt\/wp-json\/wp\/v2\/posts\/157640\/revisions"}],"wp:featuredmedia":[{"embeddable":true,"href":"https:\/\/www.europesays.com\/pt\/wp-json\/wp\/v2\/media\/157641"}],"wp:attachment":[{"href":"https:\/\/www.europesays.com\/pt\/wp-json\/wp\/v2\/media?parent=157640"}],"wp:term":[{"taxonomy":"category","embeddable":true,"href":"https:\/\/www.europesays.com\/pt\/wp-json\/wp\/v2\/categories?post=157640"},{"taxonomy":"post_tag","embeddable":true,"href":"https:\/\/www.europesays.com\/pt\/wp-json\/wp\/v2\/tags?post=157640"}],"curies":[{"name":"wp","href":"https:\/\/api.w.org\/{rel}","templated":true}]}}