{"id":157650,"date":"2025-11-19T13:37:10","date_gmt":"2025-11-19T13:37:10","guid":{"rendered":"https:\/\/www.europesays.com\/pt\/157650\/"},"modified":"2025-11-19T13:37:10","modified_gmt":"2025-11-19T13:37:10","slug":"macau-proibe-importacao-de-carne-de-frango-do-porto-devido-a-gripe-aviaria","status":"publish","type":"post","link":"https:\/\/www.europesays.com\/pt\/157650\/","title":{"rendered":"Macau pro\u00edbe importa\u00e7\u00e3o de carne de frango do Porto devido \u00e0 gripe avi\u00e1ria"},"content":{"rendered":"<p data-remotead-prev-elm=\"true\" data-remotead-elm-id=\"inread\">&#8220;Os pedidos de importa\u00e7\u00e3o de carne de frango e produtos derivados provenientes de zonas com surtos de gripe avi\u00e1ria n\u00e3o ser\u00e3o aprovados&#8221;, disse o Instituto de Assuntos Municipais (IAM) de Macau.<\/p>\n<p>Num comunicado, o IAM prometeu &#8220;continuar a controlar rigorosamente os alimentos frescos importados e vendidos em Macau atrav\u00e9s de um mecanismo eficaz de inspe\u00e7\u00e3o de importa\u00e7\u00e3o e de quarentena&#8221;.<\/p>\n<p>O IAM tamb\u00e9m proibiu pelo mesmo motivo, a importa\u00e7\u00e3o de carne de ave e derivados de v\u00e1rias regi\u00f5es da Pol\u00f3nia, Alemanha, Pa\u00edses Baixos, Reino Unido e Estados Unidos.<\/p>\n<p data-remotead-prev-elm=\"true\" data-remotead-elm-id=\"centro1\">Na ter\u00e7a-feira, a regi\u00e3o vizinha de Hong Kong tinha proibido a importa\u00e7\u00e3o de carne de ave e derivados, incluindo ovos, do distrito do Porto, &#8220;para proteger a sa\u00fade p\u00fablica&#8221;, na sequ\u00eancia de uma notifica\u00e7\u00e3o da Organiza\u00e7\u00e3o Mundial de Sa\u00fade Animal.<\/p>\n<blockquote data-type=\"articles\" data-id=\"related-article-18021139\"><p>\n              <strong>Leia tamb\u00e9m <\/strong><br \/>\n              <a href=\"https:\/\/www.jn.pt\/economia\/artigo\/hong-kong-proibe-importacao-de-carne-e-ovos-do-distrito-do-porto-devido-a-gripe-aviaria\/18021139\" rel=\"nofollow noopener\" target=\"_blank\">Hong Kong pro\u00edbe importa\u00e7\u00e3o de carne e ovos do distrito do Porto devido \u00e0 gripe avi\u00e1ria<\/a>\n            <\/p><\/blockquote>\n<p>Na quinta-feira, a Dire\u00e7\u00e3o-Geral de Alimenta\u00e7\u00e3o e Veterin\u00e1ria (DGAV) portuguesa determinou o confinamento de aves dom\u00e9sticas em 95 zonas de 14 distritos identificadas como de alto risco para a gripe avi\u00e1ria.<\/p>\n<p data-remotead-prev-elm=\"true\" data-remotead-elm-id=\"centro2\">&#8220;As aves de capoeira e aves em cativeiro detidas em estabelecimentos, incluindo deten\u00e7\u00f5es caseiras, localizadas nas freguesias inclu\u00eddas na lista das zonas de alto risco para a gripe avi\u00e1ria dever\u00e3o ser confinadas aos respetivos alojamentos de modo a impedir o seu contacto com aves selvagens&#8221;, indicou a DGAV, num edital.<\/p>\n<p>Em causa est\u00e3o os distritos do Porto, Lisboa, Braga, Viana do Castelo, Aveiro, Leiria, Coimbra, Castelo Branco, Santar\u00e9m, Set\u00fabal, \u00c9vora, Beja, Portalegre e Faro.<\/p>\n<p>Dois dias antes, a DGAV tinha avisado que o risco de dissemina\u00e7\u00e3o da gripe das aves era elevado.<\/p>\n<p data-remotead-prev-elm=\"true\" data-remotead-elm-id=\"centro3\">O n\u00famero total de focos este ano em Portugal est\u00e1 em 31, tendo os mais recentes sido detetados numa exposi\u00e7\u00e3o de aves em cativeiro, em Oliveira do Bairro, no distrito de Aveiro, e num estabelecimento de aves em cativeiro, na freguesia de Parreira e Chouto, no distrito de Santar\u00e9m.<\/p>\n<p>Estas zonas v\u00e3o permanecer em restri\u00e7\u00e3o sanit\u00e1ria at\u00e9 12 e 19 de dezembro, respetivamente, segundo a DGAV.<\/p>\n<p>A transmiss\u00e3o do v\u00edrus H5N1 para humanos acontece raramente, tendo sido reportados casos espor\u00e1dicos em todo o mundo. Contudo, quando ocorre, a infe\u00e7\u00e3o pode levar a um quadro cl\u00ednico grave.<\/p>\n","protected":false},"excerpt":{"rendered":"&#8220;Os pedidos de importa\u00e7\u00e3o de carne de frango e produtos derivados provenientes de zonas com surtos de gripe&hellip;\n","protected":false},"author":2,"featured_media":157651,"comment_status":"","ping_status":"","sticky":false,"template":"","format":"standard","meta":{"footnotes":""},"categories":[50],"tags":[27,28,476,15,16,16284,14,25,26,15366,21,22,62,12,13,19,20,23,24,17,18,29,30,31,63,64,65],"class_list":{"0":"post-157650","1":"post","2":"type-post","3":"status-publish","4":"format-standard","5":"has-post-thumbnail","7":"category-mundo","8":"tag-breaking-news","9":"tag-breakingnews","10":"tag-economia","11":"tag-featured-news","12":"tag-featurednews","13":"tag-gripe-das-aves","14":"tag-headlines","15":"tag-latest-news","16":"tag-latestnews","17":"tag-macau","18":"tag-main-news","19":"tag-mainnews","20":"tag-mundo","21":"tag-news","22":"tag-noticias","23":"tag-noticias-principais","24":"tag-noticiasprincipais","25":"tag-principais-noticias","26":"tag-principaisnoticias","27":"tag-top-stories","28":"tag-topstories","29":"tag-ultimas","30":"tag-ultimas-noticias","31":"tag-ultimasnoticias","32":"tag-world","33":"tag-world-news","34":"tag-worldnews"},"share_on_mastodon":{"url":"https:\/\/pubeurope.com\/@pt\/115576638351145276","error":""},"_links":{"self":[{"href":"https:\/\/www.europesays.com\/pt\/wp-json\/wp\/v2\/posts\/157650","targetHints":{"allow":["GET"]}}],"collection":[{"href":"https:\/\/www.europesays.com\/pt\/wp-json\/wp\/v2\/posts"}],"about":[{"href":"https:\/\/www.europesays.com\/pt\/wp-json\/wp\/v2\/types\/post"}],"author":[{"embeddable":true,"href":"https:\/\/www.europesays.com\/pt\/wp-json\/wp\/v2\/users\/2"}],"replies":[{"embeddable":true,"href":"https:\/\/www.europesays.com\/pt\/wp-json\/wp\/v2\/comments?post=157650"}],"version-history":[{"count":0,"href":"https:\/\/www.europesays.com\/pt\/wp-json\/wp\/v2\/posts\/157650\/revisions"}],"wp:featuredmedia":[{"embeddable":true,"href":"https:\/\/www.europesays.com\/pt\/wp-json\/wp\/v2\/media\/157651"}],"wp:attachment":[{"href":"https:\/\/www.europesays.com\/pt\/wp-json\/wp\/v2\/media?parent=157650"}],"wp:term":[{"taxonomy":"category","embeddable":true,"href":"https:\/\/www.europesays.com\/pt\/wp-json\/wp\/v2\/categories?post=157650"},{"taxonomy":"post_tag","embeddable":true,"href":"https:\/\/www.europesays.com\/pt\/wp-json\/wp\/v2\/tags?post=157650"}],"curies":[{"name":"wp","href":"https:\/\/api.w.org\/{rel}","templated":true}]}}