{"id":157660,"date":"2025-11-19T13:51:13","date_gmt":"2025-11-19T13:51:13","guid":{"rendered":"https:\/\/www.europesays.com\/pt\/157660\/"},"modified":"2025-11-19T13:51:13","modified_gmt":"2025-11-19T13:51:13","slug":"ataque-russo-na-ucrania-faz-20-mortos-e-mais-de-60-feridos-guerra-na-ucrania","status":"publish","type":"post","link":"https:\/\/www.europesays.com\/pt\/157660\/","title":{"rendered":"Ataque russo na Ucr\u00e2nia faz 20 mortos e mais de 60 feridos | Guerra na Ucr\u00e2nia"},"content":{"rendered":"<p data-end=\"402\" data-start=\"177\">Pelo menos 20 pessoas morreram num forte ataque russo, durante a madrugada, com m\u00edsseis e drones que atingiram um bloco residencial na cidade ucraniana de Ternopil, no Oeste do pa\u00eds, informaram respons\u00e1veis ucranianos esta quarta-feira.<\/p>\n<p data-end=\"667\" data-start=\"404\">Outras 66 pessoas, incluindo mais de dez crian\u00e7as, ficaram feridas nos ataques nocturnos contra a Ucr\u00e2nia, que tiveram como alvo infra-estruturas energ\u00e9ticas e de transporte, obrigando a cortes de emerg\u00eancia no fornecimento de electricidade em v\u00e1rias regi\u00f5es, numa altura de temperaturas g\u00e9lidas.<\/p>\n<p data-end=\"860\" data-start=\"669\">Os andares superiores do edif\u00edcio residencial em Ternopil ficaram destru\u00eddos. Fumo negro subia no ar, enquanto um brilho alaranjado irrompia atrav\u00e9s da n\u00e9voa provocado pelo inc\u00eandio no bloco.<\/p>\n<p data-end=\"1200\" data-start=\"862\">Segundo as autoridades, a R\u00fassia lan\u00e7ou mais de 470 drones e 48 m\u00edsseis no ataque nocturno. A <a href=\"https:\/\/www.publico.pt\/2025\/11\/18\/mundo\/noticia\/russia-responsabilizada-acto-sabotagem-ferrovia-polaca-2155048\" rel=\"nofollow noopener\" target=\"_blank\">Pol\u00f3nia<\/a>, Estado-membro da NATO que faz fronteira com o Oeste da Ucr\u00e2nia, encerrou temporariamente os aeroportos de Rzesz\u00f3w e Lublin, no Sudeste do pa\u00eds, e fez descolar aeronaves polacas e aliadas como precau\u00e7\u00e3o para proteger o seu espa\u00e7o a\u00e9reo.<\/p>\n<p>Zelensky pede mais press\u00e3o<\/p>\n<p data-end=\"1423\" data-start=\"1250\">O Presidente Volodymyr Zelensky confirmou que edif\u00edcios residenciais de v\u00e1rios andares foram atingidos em Ternopil e advertiu que poder\u00e3o ainda existir pessoas debaixo dos escombros.<\/p>\n<p data-end=\"1800\" data-start=\"1610\">Apelou aos aliados para refor\u00e7arem a press\u00e3o sobre a R\u00fassia, de forma a p\u00f4r fim \u00e0 guerra que dura h\u00e1 quase quatro anos, incluindo atrav\u00e9s do envio de mais sistemas de defesa a\u00e9rea para Kiev.<\/p>\n<p data-end=\"1983\" data-start=\"1802\">\u201cCada ataque descarado contra a vida quotidiana demonstra que a press\u00e3o sobre a R\u00fassia \u00e9 insuficiente. San\u00e7\u00f5es eficazes e assist\u00eancia \u00e0 Ucr\u00e2nia podem mudar isto\u201d, afirmou na rede X.<\/p>\n<p data-end=\"2179\" data-start=\"1985\">Respons\u00e1veis do sector energ\u00e9tico indicaram que infra-estruturas foram atingidas em sete regi\u00f5es ucranianas. Uma testemunha da Reuters, na cidade de Lviv, no Oeste, relatou ter ouvido explos\u00f5es.<\/p>\n<p data-end=\"2329\" data-start=\"2181\">A extens\u00e3o dos danos ainda n\u00e3o era totalmente clara, mas foram colocadas restri\u00e7\u00f5es ao consumo de electricidade para os utilizadores em todo o pa\u00eds.<\/p>\n","protected":false},"excerpt":{"rendered":"Pelo menos 20 pessoas morreram num forte ataque russo, durante a madrugada, com m\u00edsseis e drones que atingiram&hellip;\n","protected":false},"author":2,"featured_media":157661,"comment_status":"","ping_status":"","sticky":false,"template":"","format":"standard","meta":{"footnotes":""},"categories":[50],"tags":[27,28,15,16,889,14,25,26,21,22,62,3400,12,13,19,20,5300,23,24,839,17,18,840,29,30,31,63,64,65],"class_list":{"0":"post-157660","1":"post","2":"type-post","3":"status-publish","4":"format-standard","5":"has-post-thumbnail","7":"category-mundo","8":"tag-breaking-news","9":"tag-breakingnews","10":"tag-featured-news","11":"tag-featurednews","12":"tag-guerra-na-ucrania","13":"tag-headlines","14":"tag-latest-news","15":"tag-latestnews","16":"tag-main-news","17":"tag-mainnews","18":"tag-mundo","19":"tag-nato","20":"tag-news","21":"tag-noticias","22":"tag-noticias-principais","23":"tag-noticiasprincipais","24":"tag-polonia","25":"tag-principais-noticias","26":"tag-principaisnoticias","27":"tag-russia","28":"tag-top-stories","29":"tag-topstories","30":"tag-ucrania","31":"tag-ultimas","32":"tag-ultimas-noticias","33":"tag-ultimasnoticias","34":"tag-world","35":"tag-world-news","36":"tag-worldnews"},"share_on_mastodon":{"url":"https:\/\/pubeurope.com\/@pt\/115576693411277965","error":""},"_links":{"self":[{"href":"https:\/\/www.europesays.com\/pt\/wp-json\/wp\/v2\/posts\/157660","targetHints":{"allow":["GET"]}}],"collection":[{"href":"https:\/\/www.europesays.com\/pt\/wp-json\/wp\/v2\/posts"}],"about":[{"href":"https:\/\/www.europesays.com\/pt\/wp-json\/wp\/v2\/types\/post"}],"author":[{"embeddable":true,"href":"https:\/\/www.europesays.com\/pt\/wp-json\/wp\/v2\/users\/2"}],"replies":[{"embeddable":true,"href":"https:\/\/www.europesays.com\/pt\/wp-json\/wp\/v2\/comments?post=157660"}],"version-history":[{"count":0,"href":"https:\/\/www.europesays.com\/pt\/wp-json\/wp\/v2\/posts\/157660\/revisions"}],"wp:featuredmedia":[{"embeddable":true,"href":"https:\/\/www.europesays.com\/pt\/wp-json\/wp\/v2\/media\/157661"}],"wp:attachment":[{"href":"https:\/\/www.europesays.com\/pt\/wp-json\/wp\/v2\/media?parent=157660"}],"wp:term":[{"taxonomy":"category","embeddable":true,"href":"https:\/\/www.europesays.com\/pt\/wp-json\/wp\/v2\/categories?post=157660"},{"taxonomy":"post_tag","embeddable":true,"href":"https:\/\/www.europesays.com\/pt\/wp-json\/wp\/v2\/tags?post=157660"}],"curies":[{"name":"wp","href":"https:\/\/api.w.org\/{rel}","templated":true}]}}