{"id":157662,"date":"2025-11-19T13:52:09","date_gmt":"2025-11-19T13:52:09","guid":{"rendered":"https:\/\/www.europesays.com\/pt\/157662\/"},"modified":"2025-11-19T13:52:09","modified_gmt":"2025-11-19T13:52:09","slug":"santa-maria-outros-dois-dermatologistas-receberam-mais-de-200-mil-euros-em-cirurgias-extra","status":"publish","type":"post","link":"https:\/\/www.europesays.com\/pt\/157662\/","title":{"rendered":"Santa Maria. Outros dois dermatologistas receberam mais de 200 mil euros em cirurgias extra"},"content":{"rendered":"<p>                Segundo o relat\u00f3rio da Inspe\u00e7\u00e3o Geral das Atividades em Sa\u00fade (IGAS), consultado pelo <a href=\"https:\/\/observador.pt\/2025\/11\/19\/santa-maria-outros-dois-dermatologistas-faturaram-mais-de-200-mil-euros-em-cirurgias-extra-em-apenas-dois-anos\/#\" target=\"_blank\" rel=\"nofollow noopener\">Observador<\/a>, <b>pelo menos outros 15 dermatologistas da Unidade de Local de Sa\u00fade de Santa Maria ganharam quantias avultadas em cirurgias extra.\u00a0<\/b>Dois m\u00e9dicos, identificados como Diogo de Sousa e Lanyu Sun, receberam mais de 200 mil euros em cirurgias extra em apenas dois anos.<\/p>\n<p>Em 2024 e 2025, Diogo de Sousa recebeu cerca de 233 mil euros e Lanyu Sun cerca de 201 mil euros por cirurgias realizadas fora do hor\u00e1rio normal de trabalho, em dias de descanso semanal ou de compensa\u00e7\u00e3o de feriado.<br \/>&#13;<br \/>\n<b><br \/>&#13;<br \/>\nSegundo o Observador, s\u00f3 no ano passado, a despesa da ULS de Santa Maria com m\u00e9dicos no que diz respeito a cirurgias adicionais em dermatologia atingiu cerca de 1,46 milh\u00f5es de euros, tr\u00eas vezes mais do que o valor do ano anterior.\u00a0<\/b>A maior parte destas verbas foi atribu\u00edda a Miguel Alpalh\u00e3o, que no ano passado recebeu 454 mil euros em cirurgias extra e cerca de 714 mil euros de 2021 at\u00e9 2025. <\/p>\n<p>Segundo as conclus\u00f5es do relat\u00f3rio divulgadas pela IGAS, o m\u00e9dico em causa ter\u00e1 marcado inclusive consultas de dermatologia para os seus pais sem que existisse uma referencia\u00e7\u00e3o pr\u00e9via, elaborado as propostas cir\u00fargicas e realizado as cirurgias.<\/p>\n<p>&#13;<br \/>\nNa segunda-feira, a Ordem dos M\u00e9dicos decidiu enviar para o Conselho Disciplinar o relat\u00f3rio sobre as cirurgias adicionais realizadas pelo dermatologista.&#13;\n<\/p>\n<p>O IGAS sugere que o Hospital Santa Maria pe\u00e7a a devolu\u00e7\u00e3o do dinheiro pago em cirurgias mal classificadas.<br \/>\n          <img decoding=\"async\" itemprop=\"image\" class=\"img-fluid\"   src=\"https:\/\/www.europesays.com\/pt\/wp-content\/uploads\/2025\/11\/9652eb781873fae0c0bdab6e091e3afa_N.jpg\"\/><\/p>\n","protected":false},"excerpt":{"rendered":"Segundo o relat\u00f3rio da Inspe\u00e7\u00e3o Geral das Atividades em Sa\u00fade (IGAS), consultado pelo Observador, pelo menos outros 15&hellip;\n","protected":false},"author":2,"featured_media":157663,"comment_status":"","ping_status":"","sticky":false,"template":"","format":"standard","meta":{"footnotes":""},"categories":[10],"tags":[27,28,4805,15,16,14,1789,25,26,21,22,12,13,19,20,32,23,24,33,9274,17,18,29,30,31],"class_list":{"0":"post-157662","1":"post","2":"type-post","3":"status-publish","4":"format-standard","5":"has-post-thumbnail","7":"category-portugal","8":"tag-breaking-news","9":"tag-breakingnews","10":"tag-dermatologia","11":"tag-featured-news","12":"tag-featurednews","13":"tag-headlines","14":"tag-hospital","15":"tag-latest-news","16":"tag-latestnews","17":"tag-main-news","18":"tag-mainnews","19":"tag-news","20":"tag-noticias","21":"tag-noticias-principais","22":"tag-noticiasprincipais","23":"tag-portugal","24":"tag-principais-noticias","25":"tag-principaisnoticias","26":"tag-pt","27":"tag-santa-maria","28":"tag-top-stories","29":"tag-topstories","30":"tag-ultimas","31":"tag-ultimas-noticias","32":"tag-ultimasnoticias"},"share_on_mastodon":{"url":"https:\/\/pubeurope.com\/@pt\/115576697476539526","error":""},"_links":{"self":[{"href":"https:\/\/www.europesays.com\/pt\/wp-json\/wp\/v2\/posts\/157662","targetHints":{"allow":["GET"]}}],"collection":[{"href":"https:\/\/www.europesays.com\/pt\/wp-json\/wp\/v2\/posts"}],"about":[{"href":"https:\/\/www.europesays.com\/pt\/wp-json\/wp\/v2\/types\/post"}],"author":[{"embeddable":true,"href":"https:\/\/www.europesays.com\/pt\/wp-json\/wp\/v2\/users\/2"}],"replies":[{"embeddable":true,"href":"https:\/\/www.europesays.com\/pt\/wp-json\/wp\/v2\/comments?post=157662"}],"version-history":[{"count":0,"href":"https:\/\/www.europesays.com\/pt\/wp-json\/wp\/v2\/posts\/157662\/revisions"}],"wp:featuredmedia":[{"embeddable":true,"href":"https:\/\/www.europesays.com\/pt\/wp-json\/wp\/v2\/media\/157663"}],"wp:attachment":[{"href":"https:\/\/www.europesays.com\/pt\/wp-json\/wp\/v2\/media?parent=157662"}],"wp:term":[{"taxonomy":"category","embeddable":true,"href":"https:\/\/www.europesays.com\/pt\/wp-json\/wp\/v2\/categories?post=157662"},{"taxonomy":"post_tag","embeddable":true,"href":"https:\/\/www.europesays.com\/pt\/wp-json\/wp\/v2\/tags?post=157662"}],"curies":[{"name":"wp","href":"https:\/\/api.w.org\/{rel}","templated":true}]}}