{"id":157674,"date":"2025-11-19T14:05:11","date_gmt":"2025-11-19T14:05:11","guid":{"rendered":"https:\/\/www.europesays.com\/pt\/157674\/"},"modified":"2025-11-19T14:05:11","modified_gmt":"2025-11-19T14:05:11","slug":"violacao-do-espaco-aereo-romenia-mobiliza-cacas-em-resposta-a-nova-incursao-russa","status":"publish","type":"post","link":"https:\/\/www.europesays.com\/pt\/157674\/","title":{"rendered":"Viola\u00e7\u00e3o do espa\u00e7o a\u00e9reo. Rom\u00e9nia mobiliza ca\u00e7as em resposta a nova incurs\u00e3o russa"},"content":{"rendered":"<p>                Pa\u00eds membro da Alian\u00e7a Atl\u00e2ntica e vizinho da Ucr\u00e2nia<b>, a Rom\u00e9nia viu o seu espa\u00e7o a\u00e9reo invadido durante a noite de ter\u00e7a-feira, na sequ\u00eancia de um ataque russo em territ\u00f3rio ucraniano, e mobilizou avi\u00f5es de combate em resposta.<\/b><\/p>\n<p>&#8220;O drone reapareceu intermitentemente no radar durante cerca de 12 minutos&#8221;, ap\u00f3s ataques a\u00e9reos russos perto da fronteira romena com a Ucr\u00e2nia, indicou o Minist\u00e9rio romeno de Defesa em comunicado.<\/p>\n<p>De acordo com a mesma fonte n\u00e3o foi registado qualquer impacto terrestre.<\/p>\n<p><b>O radar de Defesa da Rom\u00e9nia detetou o sinal de um drone a oito quil\u00f3metros dentro do espa\u00e7o a\u00e9reo nacional, perto das aldeias de Periprava e Chilia Veche, no condado de Tulcea.<\/b> Este pa\u00eds membro da Uni\u00e3o Europeia tem uma fronteira de 650 quil\u00f3metros com a Ucr\u00e2nia e tem relatado, constantemente, a queda de fragmentos de drones russos no territ\u00f3rio.<\/p>\n<p><b>O Minist\u00e9rio da Defesa especificou que enviou dois avi\u00f5es alem\u00e3es Eurofighter, que operam na Rom\u00e9nia, e que monitorizaram a situa\u00e7\u00e3o pouco depois da meia-noite, perto da fronteira com a Ucr\u00e2nia, ap\u00f3s os ataques a\u00e9reos russos. Al\u00e9m destes, foram mobilizadas duas aeronaves de combate, ca\u00e7as F-16 da For\u00e7a A\u00e9rea romena.<\/b><\/p>\n<p>Na sequ\u00eancia do sobrevoo do drone, as autoridades de Bucareste emitiram um alerta telef\u00f3nico dirigido aos residentes das regi\u00f5es de Tulcea de Galati, no sudeste do pa\u00eds.Desde a invas\u00e3o da Ucr\u00e2nia pela R\u00fassia, em 2022, a Rom\u00e9nia registou v\u00e1rias viola\u00e7\u00f5es do espa\u00e7o a\u00e9reo nacional, incluindo a queda de fragmentos de drones.<\/p>\n<p>J\u00e1 na segunda-feira, a Rom\u00e9nia ordenou a evacua\u00e7\u00e3o de duas aldeias, uma medida in\u00e9dita no pa\u00eds devido \u00e0 guerra na Ucr\u00e2nia. A retirada dos civis ocorreu depois de um ataque com um drone junto ao rio Dan\u00fabio, na Ucr\u00e2nia, ter provocado um inc\u00eandio num navio com pavilh\u00e3o turco que transportava g\u00e1s de petr\u00f3leo liquefeito.<br \/>&#13;\n<\/p>\n<p>&#13;<br \/>\nC\/ag\u00eancias&#13;<\/p>\n","protected":false},"excerpt":{"rendered":"Pa\u00eds membro da Alian\u00e7a Atl\u00e2ntica e vizinho da Ucr\u00e2nia, a Rom\u00e9nia viu o seu espa\u00e7o a\u00e9reo invadido durante&hellip;\n","protected":false},"author":2,"featured_media":157675,"comment_status":"","ping_status":"","sticky":false,"template":"","format":"standard","meta":{"footnotes":""},"categories":[50],"tags":[6069,27,28,33791,33792,15,16,14,25,26,21,22,62,12,13,19,20,23,24,17,18,29,30,31,63,64,65],"class_list":{"0":"post-157674","1":"post","2":"type-post","3":"status-publish","4":"format-standard","5":"has-post-thumbnail","7":"category-mundo","8":"tag-aerea","9":"tag-breaking-news","10":"tag-breakingnews","11":"tag-bucareste","12":"tag-danubio","13":"tag-featured-news","14":"tag-featurednews","15":"tag-headlines","16":"tag-latest-news","17":"tag-latestnews","18":"tag-main-news","19":"tag-mainnews","20":"tag-mundo","21":"tag-news","22":"tag-noticias","23":"tag-noticias-principais","24":"tag-noticiasprincipais","25":"tag-principais-noticias","26":"tag-principaisnoticias","27":"tag-top-stories","28":"tag-topstories","29":"tag-ultimas","30":"tag-ultimas-noticias","31":"tag-ultimasnoticias","32":"tag-world","33":"tag-world-news","34":"tag-worldnews"},"share_on_mastodon":{"url":"https:\/\/pubeurope.com\/@pt\/115576748416641898","error":""},"_links":{"self":[{"href":"https:\/\/www.europesays.com\/pt\/wp-json\/wp\/v2\/posts\/157674","targetHints":{"allow":["GET"]}}],"collection":[{"href":"https:\/\/www.europesays.com\/pt\/wp-json\/wp\/v2\/posts"}],"about":[{"href":"https:\/\/www.europesays.com\/pt\/wp-json\/wp\/v2\/types\/post"}],"author":[{"embeddable":true,"href":"https:\/\/www.europesays.com\/pt\/wp-json\/wp\/v2\/users\/2"}],"replies":[{"embeddable":true,"href":"https:\/\/www.europesays.com\/pt\/wp-json\/wp\/v2\/comments?post=157674"}],"version-history":[{"count":0,"href":"https:\/\/www.europesays.com\/pt\/wp-json\/wp\/v2\/posts\/157674\/revisions"}],"wp:featuredmedia":[{"embeddable":true,"href":"https:\/\/www.europesays.com\/pt\/wp-json\/wp\/v2\/media\/157675"}],"wp:attachment":[{"href":"https:\/\/www.europesays.com\/pt\/wp-json\/wp\/v2\/media?parent=157674"}],"wp:term":[{"taxonomy":"category","embeddable":true,"href":"https:\/\/www.europesays.com\/pt\/wp-json\/wp\/v2\/categories?post=157674"},{"taxonomy":"post_tag","embeddable":true,"href":"https:\/\/www.europesays.com\/pt\/wp-json\/wp\/v2\/tags?post=157674"}],"curies":[{"name":"wp","href":"https:\/\/api.w.org\/{rel}","templated":true}]}}