{"id":157710,"date":"2025-11-19T14:47:09","date_gmt":"2025-11-19T14:47:09","guid":{"rendered":"https:\/\/www.europesays.com\/pt\/157710\/"},"modified":"2025-11-19T14:47:09","modified_gmt":"2025-11-19T14:47:09","slug":"daniel-radcliffe-escreve-carta-para-o-ator-que-sera-harry-potter-em-serie-saiba-o-que-ele-disse","status":"publish","type":"post","link":"https:\/\/www.europesays.com\/pt\/157710\/","title":{"rendered":"Daniel Radcliffe escreve carta para o ator que ser\u00e1 Harry Potter em s\u00e9rie; saiba o que ele disse"},"content":{"rendered":"<p data-component-name=\"paragraph\" class=\"styles__ParagraphStyled-sc-6adecn-0 gsLklW  \">O ator <a href=\"https:\/\/www.estadao.com.br\/emais\/gente\/daniel-radcliffe-escreve-carta-para-o-ator-que-sera-harry-potter-em-serie-saiba-o-que-ele-disse-nprec\/estadao.com.br\/tudo-sobre\/daniel-radcliffe\" target=\"_blank\" rel=\"nofollow noopener\"><strong>Daniel Radcliffe<\/strong><\/a> participou do programa Good Morning America e revelou que escreveu uma carta a <strong>Dominic McLaughlin<\/strong>, ator escalado para viver Harry Potter na nova s\u00e9rie prevista para chegar \u00e0 <a href=\"https:\/\/www.estadao.com.br\/tudo-sobre\/hbo-canal-de-televisao\" target=\"_blank\" rel=\"nofollow noopener\"><strong>HBO<\/strong><\/a> em 2027. Entre 2001 e 2011, Radcliffe viveu o personagem nos oito filmes da franquia do bruxinho criado pela escritora <a href=\"https:\/\/www.estadao.com.br\/tudo-sobre\/j-k-rowling\" target=\"_blank\" rel=\"nofollow noopener\"><strong>J.K. Rowling<\/strong><\/a>.<\/p>\n<p><img  loading=\"lazy\" class=\"lazy-load-img\"\/><\/p>\n<p>Daniel Radcliffe foi o primeiro Harry Potter e ele ser\u00e1 substitu\u00eddo por Dominic McLaughlin, que estrelar\u00e1 a nova s\u00e9rie prevista para ir ao ar a partir de 2027\u00a0Foto:  Warner Bros\/HBO\/Divulga\u00e7\u00e3o<\/p>\n<p data-component-name=\"paragraph\" class=\"styles__ParagraphStyled-sc-6adecn-0 gsLklW  \">\u201cEscrevi para Dominic e enviei uma carta a ele, e ele me respondeu com uma mensagem muito gentil\u201d, revelou o veterano. \u201cN\u00e3o quero ser um fantasma na vida dessas crian\u00e7as, mas s\u00f3 queria escrever para ele e dizer: \u2018Espero que voc\u00ea se divirta muito, e at\u00e9 mais do que eu. Eu me diverti bastante, mas espero que voc\u00ea se divirta ainda mais\u2019\u201d, continuou Radcliffe. <\/p>\n<p>\u201cE eu me diverti mesmo. Vejo essas fotos dele com as outras crian\u00e7as e d\u00e1 vontade de abra\u00e7\u00e1-las. Elas parecem t\u00e3o jovens. Eu olho para elas e penso: \u2018Nossa, \u00e9 incr\u00edvel como eu fazia isso nessa idade\u2019. Mas tamb\u00e9m \u00e9 incrivelmente doce, e espero que estejam se divertindo muito\u201d, finalizou.<\/p>\n<p>Na nova s\u00e9rie, que tem roteiro de Francesca Gardiner e dire\u00e7\u00e3o de Mark Mylod, Dominic McLaughlin vai contracenar com <strong>Arabella Stanton<\/strong>, como Hermione, e <strong>Alastair Stout<\/strong>, como Ron.<\/p>\n","protected":false},"excerpt":{"rendered":"O ator Daniel Radcliffe participou do programa Good Morning America e revelou que escreveu uma carta a Dominic&hellip;\n","protected":false},"author":2,"featured_media":157711,"comment_status":"","ping_status":"","sticky":false,"template":"","format":"standard","meta":{"footnotes":""},"categories":[140],"tags":[114,115,147,148,146,32,33],"class_list":{"0":"post-157710","1":"post","2":"type-post","3":"status-publish","4":"format-standard","5":"has-post-thumbnail","7":"category-filmes","8":"tag-entertainment","9":"tag-entretenimento","10":"tag-film","11":"tag-filmes","12":"tag-movies","13":"tag-portugal","14":"tag-pt"},"share_on_mastodon":{"url":"https:\/\/pubeurope.com\/@pt\/115576913554988479","error":""},"_links":{"self":[{"href":"https:\/\/www.europesays.com\/pt\/wp-json\/wp\/v2\/posts\/157710","targetHints":{"allow":["GET"]}}],"collection":[{"href":"https:\/\/www.europesays.com\/pt\/wp-json\/wp\/v2\/posts"}],"about":[{"href":"https:\/\/www.europesays.com\/pt\/wp-json\/wp\/v2\/types\/post"}],"author":[{"embeddable":true,"href":"https:\/\/www.europesays.com\/pt\/wp-json\/wp\/v2\/users\/2"}],"replies":[{"embeddable":true,"href":"https:\/\/www.europesays.com\/pt\/wp-json\/wp\/v2\/comments?post=157710"}],"version-history":[{"count":0,"href":"https:\/\/www.europesays.com\/pt\/wp-json\/wp\/v2\/posts\/157710\/revisions"}],"wp:featuredmedia":[{"embeddable":true,"href":"https:\/\/www.europesays.com\/pt\/wp-json\/wp\/v2\/media\/157711"}],"wp:attachment":[{"href":"https:\/\/www.europesays.com\/pt\/wp-json\/wp\/v2\/media?parent=157710"}],"wp:term":[{"taxonomy":"category","embeddable":true,"href":"https:\/\/www.europesays.com\/pt\/wp-json\/wp\/v2\/categories?post=157710"},{"taxonomy":"post_tag","embeddable":true,"href":"https:\/\/www.europesays.com\/pt\/wp-json\/wp\/v2\/tags?post=157710"}],"curies":[{"name":"wp","href":"https:\/\/api.w.org\/{rel}","templated":true}]}}