{"id":157712,"date":"2025-11-19T14:48:08","date_gmt":"2025-11-19T14:48:08","guid":{"rendered":"https:\/\/www.europesays.com\/pt\/157712\/"},"modified":"2025-11-19T14:48:08","modified_gmt":"2025-11-19T14:48:08","slug":"bruno-simao-sofre-com-morte-de-futebolista-do-benfica-aos-18-anos-faz-me-falta-todos-os-dias-secret-story","status":"publish","type":"post","link":"https:\/\/www.europesays.com\/pt\/157712\/","title":{"rendered":"Bruno Sim\u00e3o sofre com morte de futebolista do Benfica, aos 18 anos: \u00abFaz-me falta todos os dias\u00bb &#8211; Secret Story"},"content":{"rendered":"<p style=\"margin-bottom:11px\">Bruno Sim\u00e3o abriu o cora\u00e7\u00e3o e partilhou com os colegas do Secret Story a dor que ainda sente pela partida prematura do amigo Bruno Bai\u00e3o, que era futebolista do Benfica. Bruno Bai\u00e3o morreu em 2004 depois de sofrer um ataque s\u00fabito ap\u00f3s um treino.<\/p>\n<p>Esta ter\u00e7a-feira, o <a href=\"https:\/\/tvi.iol.pt\/secretstory\/concorrente\/bruno\/68c5d8fdd34ee0c2fed01080\" rel=\"nofollow noopener\" target=\"_blank\">concorrente do Secret Story<\/a> partilhou a dor que ainda sente. \u00abN\u00e3o era de sangue, mas era um irm\u00e3o meu, faleceu aos 18 anos. Desde os 10 anos est\u00e1vamos sempre juntos durante o dia no futebol. Foi no futebol que o conheci, no Benfica. Pass\u00e1vamos as f\u00e9rias todos juntos, os pais dele s\u00e3o como uns pais para mim. Os meus eram tamb\u00e9m da mesma forma\u00bb, relatou.<\/p>\n<p>\u00a0\u00abEle continuava no Benfica, eu estava no Belenenses, a seguir ao treino recebe uma chamada no caf\u00e9 em frente ao campo onde treinavam e teve um ataque fulminante, uma paragem, caiu para tr\u00e1s. Ficou dois dias em coma. Fomos visit\u00e1-lo ao hospital e nos foi pedido para falarmos com ele. E, ao segundo dia, desligaram as m\u00e1quinas\u00bb, contou, mostrando-se muito abalado.<\/p>\n<p>\u00abAinda hoje sofro com a morte dele, falo com ele. O funeral tamb\u00e9m jamais irei esquecer. Ele faz-me falta todos os dias\u00bb, lamentou.<\/p>\n<p>\u00abFoi das melhores pessoas que eu conheci na minha vida. Fa\u00e7o quest\u00e3o de visitar os pais e o irm\u00e3o sempre, s\u00e3o sempre momentos emocionantes. Eles t\u00eam um restaurante com as fotografias dele pelo restaurante, foi e \u00e9 das maiores cicatrizes que eu tenho na minha vida: ver partir algu\u00e9m que eu amava e t\u00e3o novo, com 18 anos, com tanto para dar. Foi sem d\u00favida os momentos mais tristes da minha vida e marcantes\u00bb, disse, emocionado.<\/p>\n<p>\u00a0\u201cCada vez que entro em campo, falo com ele. Aqui j\u00e1 falei muitas vezes e \u00e9 uma marca que jamais irei superar, porque foi algu\u00e9m marcante para mim e que ningu\u00e9m merece partir, mas uma pessoa como ele n\u00e3o merecia mesmo. Portanto, foi a cicatriz que eu tive logo cedo aos 18 anos\u00bb.<\/p>\n<p style=\"margin-bottom:11px\">\u00a0<\/p>\n","protected":false},"excerpt":{"rendered":"Bruno Sim\u00e3o abriu o cora\u00e7\u00e3o e partilhou com os colegas do Secret Story a dor que ainda sente&hellip;\n","protected":false},"author":2,"featured_media":157713,"comment_status":"","ping_status":"","sticky":false,"template":"","format":"standard","meta":{"footnotes":""},"categories":[87],"tags":[8113,33794,19139,2632,329,333,328,335,135,336,334,11384,330,1326,338,19019,13,32,33,1315,8174,134,162,19020,227],"class_list":{"0":"post-157712","1":"post","2":"type-post","3":"status-publish","4":"format-standard","5":"has-post-thumbnail","7":"category-desporto","8":"tag-alice-alves","9":"tag-bruno-baiao","10":"tag-bruno-simao","11":"tag-casa-dos-segredos","12":"tag-claudio-ramos","13":"tag-comentadores","14":"tag-concorrentes","15":"tag-confrontos","16":"tag-desporto","17":"tag-discussoes","18":"tag-exclusivos","19":"tag-futebolista","20":"tag-gala","21":"tag-mafalda-castro","22":"tag-maria-botelho-moniz","23":"tag-marta-cardoso","24":"tag-noticias","25":"tag-portugal","26":"tag-pt","27":"tag-secret-story","28":"tag-segredos","29":"tag-sports","30":"tag-tvi","31":"tag-video-do-dia","32":"tag-videos"},"share_on_mastodon":{"url":"https:\/\/pubeurope.com\/@pt\/115576917399432672","error":""},"_links":{"self":[{"href":"https:\/\/www.europesays.com\/pt\/wp-json\/wp\/v2\/posts\/157712","targetHints":{"allow":["GET"]}}],"collection":[{"href":"https:\/\/www.europesays.com\/pt\/wp-json\/wp\/v2\/posts"}],"about":[{"href":"https:\/\/www.europesays.com\/pt\/wp-json\/wp\/v2\/types\/post"}],"author":[{"embeddable":true,"href":"https:\/\/www.europesays.com\/pt\/wp-json\/wp\/v2\/users\/2"}],"replies":[{"embeddable":true,"href":"https:\/\/www.europesays.com\/pt\/wp-json\/wp\/v2\/comments?post=157712"}],"version-history":[{"count":0,"href":"https:\/\/www.europesays.com\/pt\/wp-json\/wp\/v2\/posts\/157712\/revisions"}],"wp:featuredmedia":[{"embeddable":true,"href":"https:\/\/www.europesays.com\/pt\/wp-json\/wp\/v2\/media\/157713"}],"wp:attachment":[{"href":"https:\/\/www.europesays.com\/pt\/wp-json\/wp\/v2\/media?parent=157712"}],"wp:term":[{"taxonomy":"category","embeddable":true,"href":"https:\/\/www.europesays.com\/pt\/wp-json\/wp\/v2\/categories?post=157712"},{"taxonomy":"post_tag","embeddable":true,"href":"https:\/\/www.europesays.com\/pt\/wp-json\/wp\/v2\/tags?post=157712"}],"curies":[{"name":"wp","href":"https:\/\/api.w.org\/{rel}","templated":true}]}}