{"id":157716,"date":"2025-11-19T14:53:12","date_gmt":"2025-11-19T14:53:12","guid":{"rendered":"https:\/\/www.europesays.com\/pt\/157716\/"},"modified":"2025-11-19T14:53:12","modified_gmt":"2025-11-19T14:53:12","slug":"cuba-defende-maduro-e-ataca-rubio-que-responde-com-palhaco-observador","status":"publish","type":"post","link":"https:\/\/www.europesays.com\/pt\/157716\/","title":{"rendered":"Cuba defende Maduro e ataca Rubio (que responde com palha\u00e7o) \u2013 Observador"},"content":{"rendered":"<p>O ministro dos Neg\u00f3cios Estrangeiros de Cuba, Bruno Rodr\u00edguez, saiu em defesa da Venezuela e criticou as mais recentes a\u00e7\u00f5es militares dos Estados Unidos da Am\u00e9rica (EUA) na costa venezuelana.<\/p>\n<p>No X, o chefe da diplomacia de Cuba denunciou as \u201cmentiras do Departamento de Estado dos Estados Unidos que, <strong>sob a lideran\u00e7a do corrupto e mentiroso compulsivo secret\u00e1rio de Estado [Marco Rubio], tentam justificar com falsos pretextos a agress\u00e3o militar contra a Venezuela\u201d<\/strong>.<\/p>\n<p>Bruno Rodr\u00edguez atacou o \u201cartif\u00edcio desonesto\u201d norte-americano que tentam envolver o \u201cleg\u00edtimo Presidente venezuelano Nicol\u00e1s Maduro com o narcotr\u00e1fico e o terrorismo\u201d. Estes dois \u201cgraves flagelos internacionais\u201d foram, acusou o ministro cubano, \u201cpromovidos\u201d na Am\u00e9rica Latina pelo governo norte-americanos, bem como as suas ag\u00eancias de informa\u00e7\u00f5es.<\/p>\n<p>Marco Rubio n\u00e3o gostou destas palavras do chefe da diplomacia cubano. Recorde-se que o secret\u00e1rio de Estado norte-americano \u00e9 filho de pais cubanos que emigraram para Miami e sempre manifestou uma forte animosidade face ao regime cubano. No X, o chefe da diplomacia dos Estados Unidos respondeu com um gif de um palha\u00e7o sorridente e amea\u00e7ador.<\/p>\n<blockquote class=\"twitter-tweet\" data-width=\"500\" data-dnt=\"true\">\n<p lang=\"zxx\" dir=\"ltr\"><a href=\"https:\/\/t.co\/XJel3YZ3VV\" rel=\"nofollow\">https:\/\/t.co\/XJel3YZ3VV<\/a> <a href=\"https:\/\/t.co\/qUgIV590Yp\" rel=\"nofollow\">pic.twitter.com\/qUgIV590Yp<\/a><\/p>\n<p>\u2014 Marco Rubio (@marcorubio) <a href=\"https:\/\/twitter.com\/marcorubio\/status\/1990892059343941942?ref_src=twsrc%5Etfw\" rel=\"nofollow noopener\" target=\"_blank\">November 18, 2025<\/a><\/p>\n<\/blockquote>\n<p>            <script async src=\"https:\/\/platform.twitter.com\/widgets.js\" charset=\"utf-8\"><\/script><\/p>\n","protected":false},"excerpt":{"rendered":"O ministro dos Neg\u00f3cios Estrangeiros de Cuba, Bruno Rodr\u00edguez, saiu em defesa da Venezuela e criticou as mais&hellip;\n","protected":false},"author":2,"featured_media":157717,"comment_status":"","ping_status":"","sticky":false,"template":"","format":"standard","meta":{"footnotes":""},"categories":[50],"tags":[624,27,28,2535,623,15,16,14,25,26,21,22,62,12,13,19,20,23,24,17,18,29,30,31,3023,63,64,65],"class_list":{"0":"post-157716","1":"post","2":"type-post","3":"status-publish","4":"format-standard","5":"has-post-thumbnail","7":"category-mundo","8":"tag-amu00e9rica","9":"tag-breaking-news","10":"tag-breakingnews","11":"tag-cuba","12":"tag-estados-unidos-da-amu00e9rica","13":"tag-featured-news","14":"tag-featurednews","15":"tag-headlines","16":"tag-latest-news","17":"tag-latestnews","18":"tag-main-news","19":"tag-mainnews","20":"tag-mundo","21":"tag-news","22":"tag-noticias","23":"tag-noticias-principais","24":"tag-noticiasprincipais","25":"tag-principais-noticias","26":"tag-principaisnoticias","27":"tag-top-stories","28":"tag-topstories","29":"tag-ultimas","30":"tag-ultimas-noticias","31":"tag-ultimasnoticias","32":"tag-venezuela","33":"tag-world","34":"tag-world-news","35":"tag-worldnews"},"share_on_mastodon":{"url":"https:\/\/pubeurope.com\/@pt\/115576937041406561","error":""},"_links":{"self":[{"href":"https:\/\/www.europesays.com\/pt\/wp-json\/wp\/v2\/posts\/157716","targetHints":{"allow":["GET"]}}],"collection":[{"href":"https:\/\/www.europesays.com\/pt\/wp-json\/wp\/v2\/posts"}],"about":[{"href":"https:\/\/www.europesays.com\/pt\/wp-json\/wp\/v2\/types\/post"}],"author":[{"embeddable":true,"href":"https:\/\/www.europesays.com\/pt\/wp-json\/wp\/v2\/users\/2"}],"replies":[{"embeddable":true,"href":"https:\/\/www.europesays.com\/pt\/wp-json\/wp\/v2\/comments?post=157716"}],"version-history":[{"count":0,"href":"https:\/\/www.europesays.com\/pt\/wp-json\/wp\/v2\/posts\/157716\/revisions"}],"wp:featuredmedia":[{"embeddable":true,"href":"https:\/\/www.europesays.com\/pt\/wp-json\/wp\/v2\/media\/157717"}],"wp:attachment":[{"href":"https:\/\/www.europesays.com\/pt\/wp-json\/wp\/v2\/media?parent=157716"}],"wp:term":[{"taxonomy":"category","embeddable":true,"href":"https:\/\/www.europesays.com\/pt\/wp-json\/wp\/v2\/categories?post=157716"},{"taxonomy":"post_tag","embeddable":true,"href":"https:\/\/www.europesays.com\/pt\/wp-json\/wp\/v2\/tags?post=157716"}],"curies":[{"name":"wp","href":"https:\/\/api.w.org\/{rel}","templated":true}]}}