{"id":157718,"date":"2025-11-19T14:55:06","date_gmt":"2025-11-19T14:55:06","guid":{"rendered":"https:\/\/www.europesays.com\/pt\/157718\/"},"modified":"2025-11-19T14:55:06","modified_gmt":"2025-11-19T14:55:06","slug":"sondagem-legislativas-ad-dispara-chega-derrapa-e-fica-dez-pontos-abaixo-do-ps","status":"publish","type":"post","link":"https:\/\/www.europesays.com\/pt\/157718\/","title":{"rendered":"Sondagem Legislativas: AD dispara, Chega derrapa e fica dez pontos abaixo do PS"},"content":{"rendered":"<p data-remotead-prev-elm=\"true\" data-remotead-elm-id=\"inread\">Cinco meses depois das \u00faltimas elei\u00e7\u00f5es, quase nada se alterou na rela\u00e7\u00e3o de for\u00e7as dos blocos de Direita e de Esquerda do Parlamento, com o primeiro a somar 60 pontos percentuais e o segundo 36 pontos, de acordo com uma sondagem da Pitag\u00f3rica para o JN, TSF, TVI e CNN. Mas h\u00e1 altera\u00e7\u00f5es substanciais na rela\u00e7\u00e3o de for\u00e7as dos tr\u00eas principais partidos, com a coliga\u00e7\u00e3o PSD\/CDS de Lu\u00eds Montenegro a crescer para os 38,5%, enquanto o Chega sofre uma queda dr\u00e1stica para os 16,7%. O que significa que o PS de Jos\u00e9 Lu\u00eds Carneiro (26,4%) vale agora bem mais do que o partido de Andr\u00e9 Ventura. Mais para a Esquerda, o Livre (5,7%) ultrapassa a Iniciativa Liberal (5,3%), enquanto o Bloco de Esquerda corre o risco de se tornar irrelevante (0,7%). Mas tamb\u00e9m a CDU (2,4%) e o PAN (0,9%) perdem meio ponto relativamente \u00e0s legislativas de 18 de maio.<\/p>\n<p>A principal leitura destes resultados parece ser a de que a t\u00e1tica de Lu\u00eds Montenegro, ao apropriar-se, nos seus pr\u00f3prios termos, de duas bandeiras do Chega, a seguran\u00e7a e a imigra\u00e7\u00e3o, surtiu efeitos. Porque \u00e9 a AD quem mais cresce (mais de sete pontos) relativamente \u00e0s legislativas, enquanto o Chega \u00e9 o partido que sofre maior desgaste (um pouco mais de seis pontos), n\u00e3o obstante a sobre-exposi\u00e7\u00e3o medi\u00e1tica de Andr\u00e9 Ventura, enquanto candidato a presidente da Rep\u00fablica. Sendo certo que o trabalho de campo da sondagem decorreu entre 5 e 14 de novembro, e portanto n\u00e3o mede o impacto do an\u00fancio de uma greve geral conjunta da UGT e da CGTP (o que j\u00e1 n\u00e3o acontecia h\u00e1 12 anos), por causa do pol\u00e9mico pacote laboral.<\/p>\n<p>Montenegro deixa Ventura a 22 pontos de dist\u00e2ncia<\/p>\n<p data-remotead-prev-elm=\"true\" data-remotead-elm-id=\"centro1\">Avaliando de outra forma o que separa a coliga\u00e7\u00e3o liderada pelo PSD do seu principal rival \u00e0 Direita, se, em maio passado, a diferen\u00e7a era de pouco mais de oito pontos, agora seriam quase 22 pontos. E quando se analisam as oscila\u00e7\u00f5es do eleitorado relativamente a maio, percebe-se que Montenegro segura 86% dos que votaram na AD e ainda consegue ir buscar um pouco mais de um d\u00e9cimo dos eleitores do Chega e outro tanto aos liberais. J\u00e1 o partido de Ventura, n\u00e3o s\u00f3 perde uma parte substancial dos seus votantes, como n\u00e3o conquista nenhum \u00e0 coliga\u00e7\u00e3o de centro-direita.<\/p>\n<p>A outra m\u00e1 not\u00edcia para o partido da direita radical populista (ou de extrema-direita, como defendem alguns cientistas pol\u00edticos), \u00e9 que, a haver agora elei\u00e7\u00f5es, j\u00e1 n\u00e3o poderia reivindicar a lideran\u00e7a da Oposi\u00e7\u00e3o no Parlamento. Com Jos\u00e9 Lu\u00eds Carneiro, o PS cresce quase quatro pontos percentuais e, de uma situa\u00e7\u00e3o de empate \u00e0 d\u00e9cima (tiveram ambos 22,8% nas legislativas), passa para uma vantagem de quase dez pontos. O que, no entanto, n\u00e3o o torna uma verdadeira alternativa de poder: na compara\u00e7\u00e3o com o PSD\/CDS, a desvantagem dos socialistas alarga-se de oito para 12 pontos.<\/p>\n<p>Livre ultrapassa IL e Bloco a desaparecer do mapa<\/p>\n<p>Outra das novidades deste estudo de opini\u00e3o \u00e9 que o Livre cresce um ponto e meio para os 5,7%, ficando em quarto lugar, por troca com a Iniciativa Liberal (5,3%), que fica no mesmo patamar das \u00faltimas legislativas, o que significa que a troca de Rui Rocha por Mariana Leit\u00e3o na lideran\u00e7a n\u00e3o produziu efeitos.<\/p>\n<p data-remotead-prev-elm=\"true\" data-remotead-elm-id=\"centro2\">Ao contr\u00e1rio, a manuten\u00e7\u00e3o de Mariana Mort\u00e1gua na lideran\u00e7a do Bloco de Esquerda (j\u00e1 h\u00e1 uma esp\u00e9cie de sucessor designado, Jos\u00e9 Manuel Pureza, mas ainda por eleger), parece estar a ter efeitos catastr\u00f3ficos: nesta sondagem perde mais de um ponto relativamente \u00e0s elei\u00e7\u00f5es e fica-se por 0,7%, ou seja, ao n\u00edvel da irrelev\u00e2ncia estat\u00edstica e abaixo at\u00e9 de um ag\u00f3nico PAN (0,9%). As not\u00edcias n\u00e3o s\u00e3o t\u00e3o demolidoras para os comunistas, mas s\u00e3o m\u00e1s ainda assim: perdem meio ponto, marcando agora 2,4%.<\/p>\n<p>Fosso da AD e PS para o Chega com a mesma origem<\/p>\n<p>Quando se analisam os diferentes segmentos da amostra percebem-se melhor onde mais se cavou o fosso entre os tr\u00eas principais partidos. Sendo que as maiores diferen\u00e7as entre AD e Chega, ou entre PS e Chega, t\u00eam not\u00e1veis coincid\u00eancias. Quando o \u00e2ngulo \u00e9 o g\u00e9nero, s\u00e3o as mulheres a marcar a vantagem dos dois partidos centrais face aos radicais (mais 24 pontos na AD, mais 17 no PS).<\/p>\n<p>Nas faixas et\u00e1rias, isso acontece entre os eleitores mais velhos (mais 27 pontos no PS, mais 25 na AD). Ao n\u00edvel das classes sociais, \u00e9 entre os que t\u00eam maiores rendimentos (mais 32 pontos na AD e mais 11 pontos no PS). Finalmente, na geografia, \u00e9 entre os que vivem no Centro que AD e PS mais se distanciam do Chega (mais 24 pontos no caso da coliga\u00e7\u00e3o de centro-direita, mais 20 pontos no caso dos socialistas).<\/p>\n<p data-remotead-prev-elm=\"true\" data-remotead-elm-id=\"centro3\">Carregue nos \u00edcones para saber mais<\/p>\n<p>Equil\u00edbrio no eleitorado da AD, mais velhos com o PS<\/p>\n<p>Avaliando a composi\u00e7\u00e3o do eleitorado de cada partido, h\u00e1 outro tipo de evid\u00eancias igualmente relevantes. No caso da AD h\u00e1 resultados equilibrados no g\u00e9nero, nas faixas et\u00e1rias (com uma base um pouco mais baixa nos 35\/44 anos) e nas regi\u00f5es, mas o apoio \u00e9 maior, quanto maior o rendimento.<\/p>\n<p data-remotead-prev-elm=\"true\" data-remotead-elm-id=\"centro4\">No caso do PS, h\u00e1 uma relativa feminiza\u00e7\u00e3o do eleitorado, enquanto, nas faixas et\u00e1rias, est\u00e1 claramente abaixo da m\u00e9dia entre os 18 e os 34 anos e muito acima da m\u00e9dia entre os mais velhos (lidera ali\u00e1s as inten\u00e7\u00f5es de voto nesse segmento, ainda que por apenas um ponto e meio). Por outro lado, quantos menores os rendimentos, maior a percentagem de eleitores de socialistas (caracter\u00edstica que partilha com o Chega). Ao n\u00edvel regional, destaca-se o Norte pela positiva.<\/p>\n<p>Carregue nos \u00edcones para saber mais<\/p>\n<p>Chega claramente masculino e bastante fraco no Norte<\/p>\n<p data-remotead-prev-elm=\"true\" data-remotead-elm-id=\"centro5\">Relativamente ao Chega, percebe-se que a quebra relativamente \u00e0s legislativas se ficar\u00e1 a dever, em particular \u00e0s mulheres (tem menos dez pontos entre elas do que entre eles). No que diz respeito \u00e0s idades, est\u00e1 acima da m\u00e9dia atual at\u00e9 aos 54 anos, e mais abaixo dos 55 em diante. O partido de Ventura fica em terceiro lugar em todas as regi\u00f5es, mas o Norte destaca-se pela negativa.<\/p>\n<p>No que diz respeito ao Livre e \u00e0 Iniciativa Liberal, as leituras s\u00e3o menos precisas (e nos restantes imposs\u00edveis, pela base diminuta). No entanto, os liberais de Esquerda s\u00e3o mais femininos (quase o triplo de mulheres), enquanto dos de Direita s\u00e3o mais masculinos. O partido de Rui Tavares consegue um in\u00e9dito terceiro lugar entre os 25\/34 anos e, ao n\u00edvel regional, o melhor pec\u00falio chega da regi\u00e3o de Lisboa. Quanto \u00e0 forma\u00e7\u00e3o liderada por Mariana Leit\u00e3o, tem vota\u00e7\u00f5es acima da m\u00e9dia at\u00e9 aos 44 anos e abaixo a partir dos 45 anos em diante, enquanto na geografia o melhor resultado \u00e9 a Norte. E uma caracter\u00edstica final, t\u00e3o precisa quanto um rel\u00f3gio su\u00ed\u00e7o em qualquer sondagem, no que se refere aos liberais: quanto maior o rendimento, maior o apoio \u00e0 Iniciativa Liberal.<\/p>\n<p>Ficha t\u00e9cnica<\/p>\n<p>Sondagem realizada pela Pitag\u00f3rica para a TVI, CNN Portugal, TSF e JN com o objetivo de avaliar a opini\u00e3o dos portugueses sobre temas relacionados com as elei\u00e7\u00f5es presidenciais de 2026. O trabalho de campo decorreu entre os dias 5 e 14 de novembro de 2025. A amostra foi recolhida de forma aleat\u00f3ria junto de eleitores recenseados em Portugal e foi devidamente estratificada por g\u00e9nero, idade e regi\u00e3o. Foram realizadas 1906 tentativas de contacto, para alcan\u00e7armos 1000 entrevistas efetivas, pelo que a taxa de resposta foi de 52,47%. As 1000 entrevistas telef\u00f3nicas recolhidas correspondem a uma margem de erro m\u00e1xima de +\/- 3,16% para um n\u00edvel de confian\u00e7a de 95,5%. A distribui\u00e7\u00e3o de indecisos \u00e9 feita de forma proporcional. A dire\u00e7\u00e3o t\u00e9cnica do estudo \u00e9 da responsabilidade de Rita Marques da Silva. A ficha t\u00e9cnica completa, bem como todos os resultados, foram depositados junto da ERC &#8211; Entidade Reguladora da Comunica\u00e7\u00e3o Social que os disponibilizar\u00e1 para consulta online.<\/p>\n","protected":false},"excerpt":{"rendered":"Cinco meses depois das \u00faltimas elei\u00e7\u00f5es, quase nada se alterou na rela\u00e7\u00e3o de for\u00e7as dos blocos de Direita&hellip;\n","protected":false},"author":2,"featured_media":157719,"comment_status":"","ping_status":"","sticky":false,"template":"","format":"standard","meta":{"footnotes":""},"categories":[8],"tags":[27,28,15,16,14,25,26,21,22,619,12,13,19,20,32,23,24,33,4862,17,18,29,30,31],"class_list":{"0":"post-157718","1":"post","2":"type-post","3":"status-publish","4":"format-standard","5":"has-post-thumbnail","7":"category-principais-noticias","8":"tag-breaking-news","9":"tag-breakingnews","10":"tag-featured-news","11":"tag-featurednews","12":"tag-headlines","13":"tag-latest-news","14":"tag-latestnews","15":"tag-main-news","16":"tag-mainnews","17":"tag-nacional","18":"tag-news","19":"tag-noticias","20":"tag-noticias-principais","21":"tag-noticiasprincipais","22":"tag-portugal","23":"tag-principais-noticias","24":"tag-principaisnoticias","25":"tag-pt","26":"tag-sondagem","27":"tag-top-stories","28":"tag-topstories","29":"tag-ultimas","30":"tag-ultimas-noticias","31":"tag-ultimasnoticias"},"share_on_mastodon":{"url":"https:\/\/pubeurope.com\/@pt\/115576945024326389","error":""},"_links":{"self":[{"href":"https:\/\/www.europesays.com\/pt\/wp-json\/wp\/v2\/posts\/157718","targetHints":{"allow":["GET"]}}],"collection":[{"href":"https:\/\/www.europesays.com\/pt\/wp-json\/wp\/v2\/posts"}],"about":[{"href":"https:\/\/www.europesays.com\/pt\/wp-json\/wp\/v2\/types\/post"}],"author":[{"embeddable":true,"href":"https:\/\/www.europesays.com\/pt\/wp-json\/wp\/v2\/users\/2"}],"replies":[{"embeddable":true,"href":"https:\/\/www.europesays.com\/pt\/wp-json\/wp\/v2\/comments?post=157718"}],"version-history":[{"count":0,"href":"https:\/\/www.europesays.com\/pt\/wp-json\/wp\/v2\/posts\/157718\/revisions"}],"wp:featuredmedia":[{"embeddable":true,"href":"https:\/\/www.europesays.com\/pt\/wp-json\/wp\/v2\/media\/157719"}],"wp:attachment":[{"href":"https:\/\/www.europesays.com\/pt\/wp-json\/wp\/v2\/media?parent=157718"}],"wp:term":[{"taxonomy":"category","embeddable":true,"href":"https:\/\/www.europesays.com\/pt\/wp-json\/wp\/v2\/categories?post=157718"},{"taxonomy":"post_tag","embeddable":true,"href":"https:\/\/www.europesays.com\/pt\/wp-json\/wp\/v2\/tags?post=157718"}],"curies":[{"name":"wp","href":"https:\/\/api.w.org\/{rel}","templated":true}]}}