{"id":157729,"date":"2025-11-19T15:07:08","date_gmt":"2025-11-19T15:07:08","guid":{"rendered":"https:\/\/www.europesays.com\/pt\/157729\/"},"modified":"2025-11-19T15:07:08","modified_gmt":"2025-11-19T15:07:08","slug":"navio-russo-aponta-lasers-contra-pilotos-britanicos","status":"publish","type":"post","link":"https:\/\/www.europesays.com\/pt\/157729\/","title":{"rendered":"Navio Russo Aponta Lasers Contra Pilotos Brit\u00e2nicos"},"content":{"rendered":"<p>O ministro da Defesa brit\u00e2nico, John Healey, revelou esta quarta-feira, 19 de novembro que um &#8220;navio espi\u00e3o russo&#8221; apontou lasers contra pilotos da For\u00e7a A\u00e9rea brit\u00e2nica (RAF) durante uma opera\u00e7\u00e3o de monitoriza\u00e7\u00e3o. <\/p>\n<p>O navio russo Yantar &#8220;est\u00e1 na fronteira das \u00e1guas territoriais do Reino Unido, ao norte da Esc\u00f3cia&#8221;, informou o governante durante uma confer\u00eancia de imprensa em Westminster.<\/p>\n<p>&#8220;Envi\u00e1mos uma fragata da Marinha Real e avi\u00f5es da RAF para monitorizar e rastrear todos os movimentos dessa embarca\u00e7\u00e3o, durante os quais o Yantar apontou lasers aos nossos pilotos&#8221;, denunciou John Healey.<\/p>\n<p>O ministro classificou esta a\u00e7\u00e3o da R\u00fassia como sendo &#8220;extremamente perigosa&#8221;, dando conta de que \u00e9 a segunda vez que o navio russo passa nas \u00e1guas territoriais do Reino Unido. <strong>&#8220;Trata-se de uma embarca\u00e7\u00e3o concebida para recolher informa\u00e7\u00f5es e mapear os nossos cabos submarinos&#8221;<\/strong>, disse.<\/p>\n<p>Perante as movimenta\u00e7\u00f5es do navio e a utiliza\u00e7\u00e3o de lasers, <strong>Healey deixou um s\u00e9rio aviso a Moscovo e ao presidente russo, Vladimir Putin: &#8220;Estamos a ver-vos, sabemos o que est\u00e3o a fazer e, se o Yantar viajar para sul esta semana, estamos preparados&#8221;.<\/strong><\/p>\n<p>Questionado pela imprensa brit\u00e2nica, o ministro afirmou que esta foi a primeira vez que tiveram conhecimento da utiliza\u00e7\u00e3o de lasers de um navio russo contra for\u00e7as brit\u00e2nicas. &#8220;<strong>Qualquer coisa que impe\u00e7a, perturbe ou coloque em risco os pilotos respons\u00e1veis pelos avi\u00f5es militares brit\u00e2nicos \u00e9 extremamente perigoso&#8221;,<\/strong> disse o respons\u00e1vel pela pasta da Defesa, citado pela Sky News.<\/p>\n<p>O governante referiu ainda que o Reino Unido est\u00e1 preparado para qualquer a\u00e7\u00e3o que seja considerada perigosa por parte da embarca\u00e7\u00e3o. &#8220;Temos op\u00e7\u00f5es militares prontas caso o Yantar mude de rumo&#8221;, disse, sem especificar quais. <\/p>\n","protected":false},"excerpt":{"rendered":"O ministro da Defesa brit\u00e2nico, John Healey, revelou esta quarta-feira, 19 de novembro que um &#8220;navio espi\u00e3o russo&#8221;&hellip;\n","protected":false},"author":2,"featured_media":157730,"comment_status":"","ping_status":"","sticky":false,"template":"","format":"standard","meta":{"footnotes":""},"categories":[50],"tags":[27,28,15,16,14,25,26,21,22,62,33795,12,13,19,20,23,24,713,839,17,18,29,30,31,63,64,65],"class_list":{"0":"post-157729","1":"post","2":"type-post","3":"status-publish","4":"format-standard","5":"has-post-thumbnail","7":"category-mundo","8":"tag-breaking-news","9":"tag-breakingnews","10":"tag-featured-news","11":"tag-featurednews","12":"tag-headlines","13":"tag-latest-news","14":"tag-latestnews","15":"tag-main-news","16":"tag-mainnews","17":"tag-mundo","18":"tag-navio-russo","19":"tag-news","20":"tag-noticias","21":"tag-noticias-principais","22":"tag-noticiasprincipais","23":"tag-principais-noticias","24":"tag-principaisnoticias","25":"tag-reino-unido","26":"tag-russia","27":"tag-top-stories","28":"tag-topstories","29":"tag-ultimas","30":"tag-ultimas-noticias","31":"tag-ultimasnoticias","32":"tag-world","33":"tag-world-news","34":"tag-worldnews"},"share_on_mastodon":{"url":"https:\/\/pubeurope.com\/@pt\/115576992207655809","error":""},"_links":{"self":[{"href":"https:\/\/www.europesays.com\/pt\/wp-json\/wp\/v2\/posts\/157729","targetHints":{"allow":["GET"]}}],"collection":[{"href":"https:\/\/www.europesays.com\/pt\/wp-json\/wp\/v2\/posts"}],"about":[{"href":"https:\/\/www.europesays.com\/pt\/wp-json\/wp\/v2\/types\/post"}],"author":[{"embeddable":true,"href":"https:\/\/www.europesays.com\/pt\/wp-json\/wp\/v2\/users\/2"}],"replies":[{"embeddable":true,"href":"https:\/\/www.europesays.com\/pt\/wp-json\/wp\/v2\/comments?post=157729"}],"version-history":[{"count":0,"href":"https:\/\/www.europesays.com\/pt\/wp-json\/wp\/v2\/posts\/157729\/revisions"}],"wp:featuredmedia":[{"embeddable":true,"href":"https:\/\/www.europesays.com\/pt\/wp-json\/wp\/v2\/media\/157730"}],"wp:attachment":[{"href":"https:\/\/www.europesays.com\/pt\/wp-json\/wp\/v2\/media?parent=157729"}],"wp:term":[{"taxonomy":"category","embeddable":true,"href":"https:\/\/www.europesays.com\/pt\/wp-json\/wp\/v2\/categories?post=157729"},{"taxonomy":"post_tag","embeddable":true,"href":"https:\/\/www.europesays.com\/pt\/wp-json\/wp\/v2\/tags?post=157729"}],"curies":[{"name":"wp","href":"https:\/\/api.w.org\/{rel}","templated":true}]}}