{"id":157733,"date":"2025-11-19T15:09:11","date_gmt":"2025-11-19T15:09:11","guid":{"rendered":"https:\/\/www.europesays.com\/pt\/157733\/"},"modified":"2025-11-19T15:09:11","modified_gmt":"2025-11-19T15:09:11","slug":"prepara-te-a-chuva-regressa-mais-cedo-do-que-se-esperava","status":"publish","type":"post","link":"https:\/\/www.europesays.com\/pt\/157733\/","title":{"rendered":"Prepara-te: a chuva regressa mais cedo do que se esperava"},"content":{"rendered":"<p>O frio que tem marcado grande parte do pa\u00eds nos \u00faltimos dias est\u00e1 prestes a dar lugar a um cen\u00e1rio mais h\u00famido. Segundo as previs\u00f5es da &#8216;<a href=\"https:\/\/www.tempo.pt\/noticias\/previsao\/alfredo-graca-avisa-sobre-o-que-chegara-apos-a-invasao-polar-as-frentes-de-chuva-ja-tem-data-de-regresso-a-portugal.html\" target=\"_blank\" rel=\"nofollow noopener\">Meteored<\/a>&#8216;, o anticiclone que tem mantido o c\u00e9u limpo e o ar frio come\u00e7a a ceder no s\u00e1bado, abrindo caminho \u00e0 entrada de frentes atl\u00e2nticas que v\u00e3o repor a chuva no pa\u00eds.<\/p>\n<p>Durante a manh\u00e3 de s\u00e1bado, 22 de novembro, as nuvens ganham express\u00e3o sobretudo nos distritos de Viana do Castelo, Braga, Porto, Vila Real e Aveiro. A partir da\u00ed, \u00e9 esperada chuva fraca a moderada.\n<\/p>\n<p>No domingo, o cen\u00e1rio agrava-se. Al\u00e9m da frente que j\u00e1 estar\u00e1 a afetar o territ\u00f3rio desde o dia anterior, uma segunda superf\u00edcie frontal, associada a uma depress\u00e3o localizada a oeste das Ilhas Brit\u00e2nicas, dever\u00e1 intensificar e alargar a precipita\u00e7\u00e3o \u00e0s regi\u00f5es Norte e Centro.\n<\/p>\n<p>O regresso da chuva vai trazer tamb\u00e9m uma subida das temperaturas m\u00ednimas e m\u00e1ximas, aliviando o frio sentido nas \u00faltimas madrugadas. O pa\u00eds prepara-se agora para um fim-de-semana mais cinzento e molhado.<\/p>\n","protected":false},"excerpt":{"rendered":"O frio que tem marcado grande parte do pa\u00eds nos \u00faltimos dias est\u00e1 prestes a dar lugar a&hellip;\n","protected":false},"author":2,"featured_media":157734,"comment_status":"","ping_status":"","sticky":false,"template":"","format":"standard","meta":{"footnotes":""},"categories":[8],"tags":[783,778,779,774,27,28,764,769,767,772,782,15,16,784,14,222,771,25,26,773,21,22,149,12,768,13,19,20,777,32,23,24,33,766,781,765,763,775,780,776,770,17,18,29,30,31],"class_list":{"0":"post-157733","1":"post","2":"type-post","3":"status-publish","4":"format-standard","5":"has-post-thumbnail","7":"category-principais-noticias","8":"tag-6pm","9":"tag-80s-rfm","10":"tag-80srfm","11":"tag-90s","12":"tag-breaking-news","13":"tag-breakingnews","14":"tag-bruno-mars","15":"tag-cafe-da-manha","16":"tag-comedia","17":"tag-dance-it","18":"tag-emissao-online","19":"tag-featured-news","20":"tag-featurednews","21":"tag-fridayboyz","22":"tag-headlines","23":"tag-humor","24":"tag-jazzy","25":"tag-latest-news","26":"tag-latestnews","27":"tag-latinas","28":"tag-main-news","29":"tag-mainnews","30":"tag-music","31":"tag-news","32":"tag-nilton","33":"tag-noticias","34":"tag-noticias-principais","35":"tag-noticiasprincipais","36":"tag-oceano-pacifico","37":"tag-portugal","38":"tag-principais-noticias","39":"tag-principaisnoticias","40":"tag-pt","41":"tag-radio","42":"tag-radio-online","43":"tag-rfm","44":"tag-rock-in-rio","45":"tag-rocks","46":"tag-somnii","47":"tag-toca-portugal","48":"tag-top-25","49":"tag-top-stories","50":"tag-topstories","51":"tag-ultimas","52":"tag-ultimas-noticias","53":"tag-ultimasnoticias"},"share_on_mastodon":{"url":"","error":"Validation failed: Text character limit of 500 exceeded"},"_links":{"self":[{"href":"https:\/\/www.europesays.com\/pt\/wp-json\/wp\/v2\/posts\/157733","targetHints":{"allow":["GET"]}}],"collection":[{"href":"https:\/\/www.europesays.com\/pt\/wp-json\/wp\/v2\/posts"}],"about":[{"href":"https:\/\/www.europesays.com\/pt\/wp-json\/wp\/v2\/types\/post"}],"author":[{"embeddable":true,"href":"https:\/\/www.europesays.com\/pt\/wp-json\/wp\/v2\/users\/2"}],"replies":[{"embeddable":true,"href":"https:\/\/www.europesays.com\/pt\/wp-json\/wp\/v2\/comments?post=157733"}],"version-history":[{"count":0,"href":"https:\/\/www.europesays.com\/pt\/wp-json\/wp\/v2\/posts\/157733\/revisions"}],"wp:featuredmedia":[{"embeddable":true,"href":"https:\/\/www.europesays.com\/pt\/wp-json\/wp\/v2\/media\/157734"}],"wp:attachment":[{"href":"https:\/\/www.europesays.com\/pt\/wp-json\/wp\/v2\/media?parent=157733"}],"wp:term":[{"taxonomy":"category","embeddable":true,"href":"https:\/\/www.europesays.com\/pt\/wp-json\/wp\/v2\/categories?post=157733"},{"taxonomy":"post_tag","embeddable":true,"href":"https:\/\/www.europesays.com\/pt\/wp-json\/wp\/v2\/tags?post=157733"}],"curies":[{"name":"wp","href":"https:\/\/api.w.org\/{rel}","templated":true}]}}