{"id":157737,"date":"2025-11-19T15:13:17","date_gmt":"2025-11-19T15:13:17","guid":{"rendered":"https:\/\/www.europesays.com\/pt\/157737\/"},"modified":"2025-11-19T15:13:17","modified_gmt":"2025-11-19T15:13:17","slug":"a-protegida-isabel-tira-a-mascara-para-com-virgilio-e-revela-tudo-novelas","status":"publish","type":"post","link":"https:\/\/www.europesays.com\/pt\/157737\/","title":{"rendered":"A Protegida: Isabel &#8216;tira a m\u00e1scara&#8217; para com Virg\u00edlio e revela tudo &#8211; Novelas"},"content":{"rendered":"<p style=\"margin-bottom:11px\">Em \u00abA Protegida\u00bb, Isabel (Sara Barradas) diz que finalmente Teresa (Sandra Faleiro) est\u00e1 vingada. Virg\u00edlio finge que fica surpreendido com aquela revela\u00e7\u00e3o. Isabel culpa Virg\u00edlio (Diogo Morgado) por Teresa nunca ter podido estar com o filho e ele recorda o que se passou. Isabel revela que s\u00f3 se envolveu com ele para o fazer recair no v\u00edcio e que ainda vai provar que ele e Jorge est\u00e3o juntos naquele golpe.<\/p>\n","protected":false},"excerpt":{"rendered":"Em \u00abA Protegida\u00bb, Isabel (Sara Barradas) diz que finalmente Teresa (Sandra Faleiro) est\u00e1 vingada. Virg\u00edlio finge que fica&hellip;\n","protected":false},"author":2,"featured_media":157738,"comment_status":"","ping_status":"","sticky":false,"template":"","format":"standard","meta":{"footnotes":""},"categories":[142],"tags":[168,160,166,114,115,157,167,164,161,158,165,159,32,33,156,163,151,162],"class_list":{"0":"post-157737","1":"post","2":"type-post","3":"status-publish","4":"format-standard","5":"has-post-thumbnail","7":"category-tv","8":"tag-a-protegida","9":"tag-ana-guiomar","10":"tag-cristina-ferreira","11":"tag-entertainment","12":"tag-entretenimento","13":"tag-festa-e-festa","14":"tag-ficcao","15":"tag-jose-fidalgo","16":"tag-novelas","17":"tag-para-sempre","18":"tag-pedro-sousa","19":"tag-pedro-teixeira","20":"tag-portugal","21":"tag-pt","22":"tag-queridos-papas","23":"tag-tiago-teotonio-pereira","24":"tag-tv","25":"tag-tvi"},"share_on_mastodon":{"url":"https:\/\/pubeurope.com\/@pt\/115577015911538251","error":""},"_links":{"self":[{"href":"https:\/\/www.europesays.com\/pt\/wp-json\/wp\/v2\/posts\/157737","targetHints":{"allow":["GET"]}}],"collection":[{"href":"https:\/\/www.europesays.com\/pt\/wp-json\/wp\/v2\/posts"}],"about":[{"href":"https:\/\/www.europesays.com\/pt\/wp-json\/wp\/v2\/types\/post"}],"author":[{"embeddable":true,"href":"https:\/\/www.europesays.com\/pt\/wp-json\/wp\/v2\/users\/2"}],"replies":[{"embeddable":true,"href":"https:\/\/www.europesays.com\/pt\/wp-json\/wp\/v2\/comments?post=157737"}],"version-history":[{"count":0,"href":"https:\/\/www.europesays.com\/pt\/wp-json\/wp\/v2\/posts\/157737\/revisions"}],"wp:featuredmedia":[{"embeddable":true,"href":"https:\/\/www.europesays.com\/pt\/wp-json\/wp\/v2\/media\/157738"}],"wp:attachment":[{"href":"https:\/\/www.europesays.com\/pt\/wp-json\/wp\/v2\/media?parent=157737"}],"wp:term":[{"taxonomy":"category","embeddable":true,"href":"https:\/\/www.europesays.com\/pt\/wp-json\/wp\/v2\/categories?post=157737"},{"taxonomy":"post_tag","embeddable":true,"href":"https:\/\/www.europesays.com\/pt\/wp-json\/wp\/v2\/tags?post=157737"}],"curies":[{"name":"wp","href":"https:\/\/api.w.org\/{rel}","templated":true}]}}