{"id":157739,"date":"2025-11-19T15:14:11","date_gmt":"2025-11-19T15:14:11","guid":{"rendered":"https:\/\/www.europesays.com\/pt\/157739\/"},"modified":"2025-11-19T15:14:11","modified_gmt":"2025-11-19T15:14:11","slug":"mulher-acusada-de-assediar-jin-do-bts-diz-que-nao-achou-que-era-crime","status":"publish","type":"post","link":"https:\/\/www.europesays.com\/pt\/157739\/","title":{"rendered":"Mulher acusada de assediar Jin, do BTS, diz que &#8216;n\u00e3o achou que era crime&#8217;"},"content":{"rendered":"<p>Uma mulher de 50 anos, acusada de agress\u00e3o sexual ap\u00f3s beijar <strong>Jin<\/strong>, do <a href=\"https:\/\/billboard.com.br\/artistas\/bts\/\" data-internallinksmanager029f6b8e52c=\"17\" title=\"BTS\" rel=\"nofollow noopener\" target=\"_blank\">BTS<\/a>, \u00e0 for\u00e7a, se pronunciou sobre o caso.<\/p>\n<p>  VEJA TAMB\u00c9M<\/p>\n<p>    <a href=\"https:\/\/billboard.com.br\/sucesso-de-iu-e-sem-precedentes-para-solista-feminina-de-kpop\/\" rel=\"nofollow noopener\" target=\"_blank\"><img loading=\"lazy\" decoding=\"async\" width=\"180\" height=\"180\" src=\"data:image\/svg+xml,%3Csvg%20xmlns=\" http:=\"\" class=\"attachment-theissue-thumbnail-x2 size-theissue-thumbnail-x2 wp-post-image\" alt=\"IU\" data-lazy- data-lazy- data-lazy-src=\"https:\/\/www.europesays.com\/pt\/wp-content\/uploads\/2025\/11\/IU-180x180.jpg\"\/><\/a><\/p>\n<p>O incidente aconteceu em junho do ano passado, quando Jin finalizou o servi\u00e7o militar obrigat\u00f3rio. O cantor organizou um evento para abra\u00e7ar f\u00e3s em Seul.<\/p>\n<p>Durante a a\u00e7\u00e3o especial, Jin <a href=\"https:\/\/billboard.com.br\/bts-mulher-e-investigada-pela-policia-por-beijar-jin-a-forca-em-evento\/\" target=\"_blank\" rel=\"noopener nofollow\">foi agarrado e a mulher for\u00e7ou um beijo em seu rosto<\/a>. No interrogat\u00f3rio, nesta ter\u00e7a-feira (18), a mulher disse que \u201cestava chateada. Nunca imaginei que isso se tornaria um crime\u201d.<\/p>\n<p>O julgamento est\u00e1 marcado para o dia 12 de dezembro.\u00a0De acordo com a lei coreana, a agress\u00e3o sexual \u00e9 pun\u00edvel com at\u00e9 10 anos de pris\u00e3o ou multa de at\u00e9 15 milh\u00f5es de won (cerca de R$ 54 mil).<\/p>\n<p>O momento viralizou nas redes sociais (veja abaixo) e um f\u00e3 registrou uma queixa criminal, que iniciou a investiga\u00e7\u00e3o policial. A mulher escreveu nas redes sociais ap\u00f3s o incidente: \u201cMeus l\u00e1bios tocaram seu pesco\u00e7o. A pele dele era t\u00e3o macia\u201d.<\/p>\n<p class=\"p1\">\ud83d\udcf2 <a href=\"https:\/\/www.whatsapp.com\/channel\/0029ValKuvo4dTnMRyrLrD0W\" target=\"_blank\" rel=\"noopener nofollow\"><b>K-POP NO WHATSAPP: Participe do canal da Billboard Brasil para not\u00edcias e entrevistas exclusivas!<\/b><b\/><\/a><\/p>\n<p><img loading=\"lazy\" decoding=\"async\" class=\"size-full wp-image-127624\" src=\"data:image\/svg+xml,%3Csvg%20xmlns=\" http:=\"\" alt=\"Jin, do BTS\" width=\"800\" height=\"533\" data-lazy- data-lazy- data-lazy-src=\"https:\/\/www.europesays.com\/pt\/wp-content\/uploads\/2025\/11\/Jin-do-BTS-em-publicacao-nas-redes-sociais-Reproducao_Instagram.webp.webp\"\/>Jin, do <a href=\"https:\/\/billboard.com.br\/artistas\/bts\/\" data-internallinksmanager029f6b8e52c=\"17\" title=\"BTS\" rel=\"nofollow noopener\" target=\"_blank\">BTS<\/a>, em publica\u00e7\u00e3o nas redes sociais (Reprodu\u00e7\u00e3o\/Instagram)<\/p>\n","protected":false},"excerpt":{"rendered":"Uma mulher de 50 anos, acusada de agress\u00e3o sexual ap\u00f3s beijar Jin, do BTS, \u00e0 for\u00e7a, se pronunciou&hellip;\n","protected":false},"author":2,"featured_media":157740,"comment_status":"","ping_status":"","sticky":false,"template":"","format":"standard","meta":{"footnotes":""},"categories":[141],"tags":[114,115,149,150,32,33],"class_list":{"0":"post-157739","1":"post","2":"type-post","3":"status-publish","4":"format-standard","5":"has-post-thumbnail","7":"category-musica","8":"tag-entertainment","9":"tag-entretenimento","10":"tag-music","11":"tag-musica","12":"tag-portugal","13":"tag-pt"},"share_on_mastodon":{"url":"https:\/\/pubeurope.com\/@pt\/115577019847204006","error":""},"_links":{"self":[{"href":"https:\/\/www.europesays.com\/pt\/wp-json\/wp\/v2\/posts\/157739","targetHints":{"allow":["GET"]}}],"collection":[{"href":"https:\/\/www.europesays.com\/pt\/wp-json\/wp\/v2\/posts"}],"about":[{"href":"https:\/\/www.europesays.com\/pt\/wp-json\/wp\/v2\/types\/post"}],"author":[{"embeddable":true,"href":"https:\/\/www.europesays.com\/pt\/wp-json\/wp\/v2\/users\/2"}],"replies":[{"embeddable":true,"href":"https:\/\/www.europesays.com\/pt\/wp-json\/wp\/v2\/comments?post=157739"}],"version-history":[{"count":0,"href":"https:\/\/www.europesays.com\/pt\/wp-json\/wp\/v2\/posts\/157739\/revisions"}],"wp:featuredmedia":[{"embeddable":true,"href":"https:\/\/www.europesays.com\/pt\/wp-json\/wp\/v2\/media\/157740"}],"wp:attachment":[{"href":"https:\/\/www.europesays.com\/pt\/wp-json\/wp\/v2\/media?parent=157739"}],"wp:term":[{"taxonomy":"category","embeddable":true,"href":"https:\/\/www.europesays.com\/pt\/wp-json\/wp\/v2\/categories?post=157739"},{"taxonomy":"post_tag","embeddable":true,"href":"https:\/\/www.europesays.com\/pt\/wp-json\/wp\/v2\/tags?post=157739"}],"curies":[{"name":"wp","href":"https:\/\/api.w.org\/{rel}","templated":true}]}}