{"id":157741,"date":"2025-11-19T15:15:09","date_gmt":"2025-11-19T15:15:09","guid":{"rendered":"https:\/\/www.europesays.com\/pt\/157741\/"},"modified":"2025-11-19T15:15:09","modified_gmt":"2025-11-19T15:15:09","slug":"daniel-radcliffe-mandou-carta-para-novo-interprete-de-harry-potter","status":"publish","type":"post","link":"https:\/\/www.europesays.com\/pt\/157741\/","title":{"rendered":"Daniel Radcliffe mandou carta para novo int\u00e9rprete de &#8220;Harry Potter&#8221;"},"content":{"rendered":"<p class=\"my-5 break-words group-[.isActiveSource]:text-xl\">O ator <strong class=\"group-[.isActiveSource]:text-xl group-[.isActiveSource]:font-bold\">Daniel Radcliffe<\/strong>, 36, conhecido por seu papel em &#8220;Harry Potter&#8221;, contou que, com a nova produ\u00e7\u00e3o baseada nos livros de J. K. Rowling, enviou uma carta ao novo protagonista, <strong class=\"group-[.isActiveSource]:text-xl group-[.isActiveSource]:font-bold\">Dominic McLaughlin,\u00a0<\/strong>11, lhe desejando um \u00f3timo per\u00edodo com o personagem.<\/p>\n<p class=\"my-5 break-words group-[.isActiveSource]:text-xl\">Em entrevista ao &#8220;<strong class=\"group-[.isActiveSource]:text-xl group-[.isActiveSource]:font-bold\">Good Morning America<\/strong>&#8220;, falou sobre sua nova produ\u00e7\u00e3o nos teatros, onde est\u00e1 investindo no momento, e conversou tamb\u00e9m sobre o reboot <a href=\"https:\/\/www.cnnbrasil.com.br\/entretenimento\/harry-potter-professores-da-saga-sao-escalados-para-serie\/\" target=\"_blank\" rel=\"noopener noreferrer nofollow\" class=\"text-red-600 underline hover:text-red-500 font-medium break-words group-[.isActiveSource]:text-xl\">que est\u00e1 sendo produzido.<\/a><\/p>\n<p class=\"my-5 break-words group-[.isActiveSource]:text-xl\">Daniel comentou um pouco da mensagem que enviou para o novo ator: &#8220;Eu s\u00f3 queria escrever pra ele e dizer: &#8216;<strong class=\"group-[.isActiveSource]:text-xl group-[.isActiveSource]:font-bold\">Espero que voc\u00ea se divirta muito<\/strong>, e at\u00e9 mais do que eu. Eu me diverti bastante, mas espero que voc\u00ea aproveite ainda mais.&#8217; Eu me divirto mesmo, eu vejo essas fotos <a href=\"https:\/\/www.cnnbrasil.com.br\/entretenimento\/harry-potter-imagens-de-bastidores-vazadas-mostram-dumbledore-e-flamel\/\" target=\"_blank\" rel=\"noopener noreferrer nofollow\" class=\"text-red-600 underline hover:text-red-500 font-medium break-words group-[.isActiveSource]:text-xl\">dele com as outras crian\u00e7as<\/a> e d\u00e1 vontade de abra\u00e7\u00e1-las.&#8221;<\/p>\n<p class=\"my-5 break-words group-[.isActiveSource]:text-xl\">Ap\u00f3s se tornar uma das franquias de maior sucesso do cinema, com oito filmes, o universo m\u00e1gico vai ser adaptado para a TV, produzido por <strong class=\"group-[.isActiveSource]:text-xl group-[.isActiveSource]:font-bold\">Gardiner<\/strong> e <strong class=\"group-[.isActiveSource]:text-xl group-[.isActiveSource]:font-bold\">Mylod<\/strong>, ambos de \u201c<strong class=\"group-[.isActiveSource]:text-xl group-[.isActiveSource]:font-bold\">Succession<\/strong>\u201d. Cada temporada apresentar\u00e1 <strong class=\"group-[.isActiveSource]:text-xl group-[.isActiveSource]:font-bold\">Harry Potter<\/strong> em aventuras incr\u00edveis para novos e antigos f\u00e3s, e estar\u00e1 dispon\u00edvel com exclusividade na HBO Max. <a href=\"https:\/\/www.cnnbrasil.com.br\/entretenimento\/serie-de-harry-potter-grava-cenas-dos-primeiros-capitulos-veja\/\" target=\"_blank\" rel=\"noopener noreferrer nofollow\" class=\"text-red-600 underline hover:text-red-500 font-medium break-words group-[.isActiveSource]:text-xl\">As grava\u00e7\u00f5es j\u00e1 come\u00e7aram<\/a> e a previs\u00e3o de estreia \u00e9 para 2027.<\/p>\n","protected":false},"excerpt":{"rendered":"O ator Daniel Radcliffe, 36, conhecido por seu papel em &#8220;Harry Potter&#8221;, contou que, com a nova produ\u00e7\u00e3o&hellip;\n","protected":false},"author":2,"featured_media":157742,"comment_status":"","ping_status":"","sticky":false,"template":"","format":"standard","meta":{"footnotes":""},"categories":[140],"tags":[114,115,147,148,146,32,33],"class_list":{"0":"post-157741","1":"post","2":"type-post","3":"status-publish","4":"format-standard","5":"has-post-thumbnail","7":"category-filmes","8":"tag-entertainment","9":"tag-entretenimento","10":"tag-film","11":"tag-filmes","12":"tag-movies","13":"tag-portugal","14":"tag-pt"},"share_on_mastodon":{"url":"https:\/\/pubeurope.com\/@pt\/115577023755229039","error":""},"_links":{"self":[{"href":"https:\/\/www.europesays.com\/pt\/wp-json\/wp\/v2\/posts\/157741","targetHints":{"allow":["GET"]}}],"collection":[{"href":"https:\/\/www.europesays.com\/pt\/wp-json\/wp\/v2\/posts"}],"about":[{"href":"https:\/\/www.europesays.com\/pt\/wp-json\/wp\/v2\/types\/post"}],"author":[{"embeddable":true,"href":"https:\/\/www.europesays.com\/pt\/wp-json\/wp\/v2\/users\/2"}],"replies":[{"embeddable":true,"href":"https:\/\/www.europesays.com\/pt\/wp-json\/wp\/v2\/comments?post=157741"}],"version-history":[{"count":0,"href":"https:\/\/www.europesays.com\/pt\/wp-json\/wp\/v2\/posts\/157741\/revisions"}],"wp:featuredmedia":[{"embeddable":true,"href":"https:\/\/www.europesays.com\/pt\/wp-json\/wp\/v2\/media\/157742"}],"wp:attachment":[{"href":"https:\/\/www.europesays.com\/pt\/wp-json\/wp\/v2\/media?parent=157741"}],"wp:term":[{"taxonomy":"category","embeddable":true,"href":"https:\/\/www.europesays.com\/pt\/wp-json\/wp\/v2\/categories?post=157741"},{"taxonomy":"post_tag","embeddable":true,"href":"https:\/\/www.europesays.com\/pt\/wp-json\/wp\/v2\/tags?post=157741"}],"curies":[{"name":"wp","href":"https:\/\/api.w.org\/{rel}","templated":true}]}}