{"id":157747,"date":"2025-11-19T15:21:20","date_gmt":"2025-11-19T15:21:20","guid":{"rendered":"https:\/\/www.europesays.com\/pt\/157747\/"},"modified":"2025-11-19T15:21:20","modified_gmt":"2025-11-19T15:21:20","slug":"pais-vendem-filha-de-14-anos-por-cinco-mil-euros-e-garrafas-de-whiskey-para-casamento-forcado","status":"publish","type":"post","link":"https:\/\/www.europesays.com\/pt\/157747\/","title":{"rendered":"Pais vendem filha de 14 anos por cinco mil euros e garrafas de whiskey para casamento for\u00e7ado"},"content":{"rendered":"<p class=\"category\"><a href=\"https:\/\/sicnoticias.pt\/mundo\" rel=\"nofollow noopener\" target=\"_blank\">Mundo<\/a><\/p>\n<p>Guardia Civil deteve pais e casal que &#8220;comprou&#8221; a menor para a obrigar a casar com o filho de 20 anos. Menina n\u00e3o estava matriculada na escola e os pais tentaram desviar as aten\u00e7\u00f5es alegando que a filha tinha ido visitar a av\u00f3 \u00e0 Rom\u00e9nia. <\/p>\n<p><img decoding=\"async\" src=\"https:\/\/www.europesays.com\/pt\/wp-content\/uploads\/2025\/11\/1763565680_713_original.webp\" alt=\"Pais vendem filha de 14 anos por cinco mil euros e garrafas de whiskey para casamento for\u00e7ado\"\/><\/p>\n<p>Europa Press News \/ GETTY IMAGES<\/p>\n<p><strong>O acordo ilegal consistia em cinco mil euros, cinco garrafas de whiskey <\/strong><strong>e alguns alimentos b\u00e1sicos. O pagamento &#8220;comprava&#8221; uma menina, de 14 anos, para um casamento for\u00e7ado. O desaparecimento da jovem levou a uma investiga\u00e7\u00e3o de meses por parte das autoridades espanholas.<\/strong><\/p>\n<p>O caso \u00e9 agora divulgado pela Guardia Civil. De acordo com comunicado da autoridade espanhola, citado pelo<a href=\"https:\/\/www.elmundo.es\/cataluna\/2025\/11\/09\/690f7f55e9cf4a61618b456d.html\" target=\"_blank\" rel=\"noopener noreferrer nofollow\"> jornal El Mundo<\/a>, um casal vendeu a filha menor a outro da regi\u00e3o de Mollerussa (Lleida) para que esta casasse com o filho de 20 anos. Os<strong> cinco foram detidos<\/strong>, mas os acontecimentos remontam a janeiro numa cidade da regi\u00e3o de Ribera, em Navarra.<\/p>\n<blockquote><p>&#8220;Os pais da menina de 14 anos, um homem e uma mulher de 35 anos, venderam a filha a outra fam\u00edlia residente em Lleida para que ela se casasse com o filho deles. O <strong>acordo ilegal foi finalizado com o pagamento de 5.000 euros, cinco garrafas de u\u00edsque e alguns alimentos b\u00e1sicos<\/strong>&#8220;, indica a autoridade.<\/p><\/blockquote>\n<p>A menina <strong>pertencia \u00e0 comunidade cigana e n\u00e3o estava matriculada na escola<\/strong>, segundo confirmaram as autoridades. O seu <strong>desaparecimento levantou, contudo, suspeitas.<\/strong><\/p>\n<p>Foram os assistentes sociais do munic\u00edpio de Navarra que denunciaram o poss\u00edvel desaparecimento da jovem, ap\u00f3s notarem a aus\u00eancia da menina na cidade e terem notado <strong>preocupa\u00e7\u00f5es manifestadas por v\u00e1rios vizinhos.<\/strong><\/p>\n<p>O Tribunal de Menores acabou por alertar a Guarda Civil de Navarra que abriu ent\u00e3o uma investiga\u00e7\u00e3o, atrav\u00e9s da Equipa de Mulheres e Menores (EMUME). Depois de localizarem a fam\u00edlia, os <strong>pais alegaram que a jovem teria ido visitar a av\u00f3 \u00e0 Rom\u00e9nia, pa\u00eds de origem da fam\u00edlia.<\/strong><\/p>\n<p>A investiga\u00e7\u00e3o come\u00e7ou a desenrolar-se apontando para uma poss\u00edvel venda. Uma das primeiras pistas foi uma <strong>fotografia publicada nas redes sociais de uma cerim\u00f3nia<\/strong>, levando as autoridades a emitir um<strong> alerta geral para localizar a menor,<\/strong> cujo paradeiro era at\u00e9 ent\u00e3o desconhecido.<\/p>\n<p>Foi a partir desse alerta, que o <strong>novelo se desenrolou e a menina foi localizada. <\/strong>A pol\u00edcia catal\u00e3 tinha encontrado a <strong>jovem de 14 anos a pedir esmola em frente a um supermercado<\/strong> em Les Borges Blanques (perto de Mollerussa) ap\u00f3s uma den\u00fancia de um cidad\u00e3o preocupado pela sua tenra idade da menina.<\/p>\n<p>Ao verificarem que n\u00e3o tinha documentos, levaram-na para a esquadra mais pr\u00f3xima. Duas pessoas reivindicaram a responsabilidade pela crian\u00e7a, alegando serem tios e terem vindo busc\u00e1-la. Mas<strong> ao cruzarem os dados, as autoridades deram com o alerta da Guardia Civil de Navarra e detiveram o casal.<\/strong><\/p>\n<p>A <strong>menina era obrigada a pedir esmola para contribuir com dinheiro para a fam\u00edlia <\/strong>que a tinha comprado.<\/p>\n<p>Os cinco detidos foram acusados de<strong> tr\u00e1fico de pessoas para fins de casamento for\u00e7ado e explora\u00e7\u00e3o sexual infantil.<\/strong><\/p>\n<p>A menor ficou ao cuidado do governo catal\u00e3o.<\/p>\n","protected":false},"excerpt":{"rendered":"Mundo Guardia Civil deteve pais e casal que &#8220;comprou&#8221; a menor para a obrigar a casar com o&hellip;\n","protected":false},"author":2,"featured_media":157748,"comment_status":"","ping_status":"","sticky":false,"template":"","format":"standard","meta":{"footnotes":""},"categories":[50],"tags":[27,28,15,16,14,25,26,21,22,62,12,13,19,20,23,24,17,18,29,30,31,63,64,65],"class_list":{"0":"post-157747","1":"post","2":"type-post","3":"status-publish","4":"format-standard","5":"has-post-thumbnail","7":"category-mundo","8":"tag-breaking-news","9":"tag-breakingnews","10":"tag-featured-news","11":"tag-featurednews","12":"tag-headlines","13":"tag-latest-news","14":"tag-latestnews","15":"tag-main-news","16":"tag-mainnews","17":"tag-mundo","18":"tag-news","19":"tag-noticias","20":"tag-noticias-principais","21":"tag-noticiasprincipais","22":"tag-principais-noticias","23":"tag-principaisnoticias","24":"tag-top-stories","25":"tag-topstories","26":"tag-ultimas","27":"tag-ultimas-noticias","28":"tag-ultimasnoticias","29":"tag-world","30":"tag-world-news","31":"tag-worldnews"},"share_on_mastodon":{"url":"https:\/\/pubeurope.com\/@pt\/115577047557366990","error":""},"_links":{"self":[{"href":"https:\/\/www.europesays.com\/pt\/wp-json\/wp\/v2\/posts\/157747","targetHints":{"allow":["GET"]}}],"collection":[{"href":"https:\/\/www.europesays.com\/pt\/wp-json\/wp\/v2\/posts"}],"about":[{"href":"https:\/\/www.europesays.com\/pt\/wp-json\/wp\/v2\/types\/post"}],"author":[{"embeddable":true,"href":"https:\/\/www.europesays.com\/pt\/wp-json\/wp\/v2\/users\/2"}],"replies":[{"embeddable":true,"href":"https:\/\/www.europesays.com\/pt\/wp-json\/wp\/v2\/comments?post=157747"}],"version-history":[{"count":0,"href":"https:\/\/www.europesays.com\/pt\/wp-json\/wp\/v2\/posts\/157747\/revisions"}],"wp:featuredmedia":[{"embeddable":true,"href":"https:\/\/www.europesays.com\/pt\/wp-json\/wp\/v2\/media\/157748"}],"wp:attachment":[{"href":"https:\/\/www.europesays.com\/pt\/wp-json\/wp\/v2\/media?parent=157747"}],"wp:term":[{"taxonomy":"category","embeddable":true,"href":"https:\/\/www.europesays.com\/pt\/wp-json\/wp\/v2\/categories?post=157747"},{"taxonomy":"post_tag","embeddable":true,"href":"https:\/\/www.europesays.com\/pt\/wp-json\/wp\/v2\/tags?post=157747"}],"curies":[{"name":"wp","href":"https:\/\/api.w.org\/{rel}","templated":true}]}}