{"id":157749,"date":"2025-11-19T15:22:12","date_gmt":"2025-11-19T15:22:12","guid":{"rendered":"https:\/\/www.europesays.com\/pt\/157749\/"},"modified":"2025-11-19T15:22:12","modified_gmt":"2025-11-19T15:22:12","slug":"depois-da-chuva-o-frio-fim-de-semana-de-bater-o-dente-no-norte-e-centro","status":"publish","type":"post","link":"https:\/\/www.europesays.com\/pt\/157749\/","title":{"rendered":"Depois da chuva, o frio. Fim de semana &#8220;de bater o dente&#8221; no Norte e Centro"},"content":{"rendered":"<p data-remotead-prev-elm=\"true\" data-remotead-elm-id=\"inread\">Depois da chuva intensa provocada pela depress\u00e3o Cl\u00e1udia, o Instituto Portugu\u00eas do Mar e da Atmosfera (IPMA) prev\u00ea, para os pr\u00f3ximos dias, vento forte e uma descida significativa da temperatura. Segundo os meteorologistas Alexandre Fonseca e Cristina Sim\u00f5es, existe, esta quarta-feira, a &#8220;possibilidade de forma\u00e7\u00e3o de geada no interior Norte e Centro, em especial nos vales e terras baixas&#8221;, al\u00e9m de um &#8220;acentuado arrefecimento noturno&#8221;.<\/p>\n<p>Para o Grande Porto, os especialistas apontam &#8220;neblina ou nevoeiro matinal&#8221; e uma &#8220;pequena descida de temperatura&#8221;. Na Grande Lisboa, o c\u00e9u estar\u00e1 nublado ao longo do dia e haver\u00e1 uma &#8220;descida da temperatura m\u00e1xima&#8221;.<\/p>\n<p>No fim de semana, as temperaturas poder\u00e3o mesmo chegar aos -4\u00baC no interior do pa\u00eds, sendo necess\u00e1rio manter sempre as casas quentes e os agasalhos \u00e0 m\u00e3o.<\/p>\n<p>Cuidados com aquecedores e velas<\/p>\n<p data-remotead-prev-elm=\"true\" data-remotead-elm-id=\"centro1\">Em comunicado, a Pol\u00edcia de Seguran\u00e7a P\u00fablica (PSP) alerta para alguns cuidados a ter com aquecedores e velas. \u00c9 importante mant\u00ea-los afastados de m\u00f3veis, cortinas e outros materiais inflam\u00e1veis e deslig\u00e1-los sempre que sair de casa.<\/p>\n<p>A PSP apela ainda \u00e0 import\u00e2ncia de nunca deixar o fog\u00e3o e esquentador ligados e alerta que, em caso de inc\u00eandio ou emerg\u00eancia, as pessoas liguem para o 112.<\/p>\n","protected":false},"excerpt":{"rendered":"Depois da chuva intensa provocada pela depress\u00e3o Cl\u00e1udia, o Instituto Portugu\u00eas do Mar e da Atmosfera (IPMA) prev\u00ea,&hellip;\n","protected":false},"author":2,"featured_media":157750,"comment_status":"","ping_status":"","sticky":false,"template":"","format":"standard","meta":{"footnotes":""},"categories":[10],"tags":[27,28,15,16,9086,14,7189,25,26,21,22,8532,619,12,13,19,20,32,23,24,33,17,18,29,30,31],"class_list":{"0":"post-157749","1":"post","2":"type-post","3":"status-publish","4":"format-standard","5":"has-post-thumbnail","7":"category-portugal","8":"tag-breaking-news","9":"tag-breakingnews","10":"tag-featured-news","11":"tag-featurednews","12":"tag-frio","13":"tag-headlines","14":"tag-inverno","15":"tag-latest-news","16":"tag-latestnews","17":"tag-main-news","18":"tag-mainnews","19":"tag-mau-tempo","20":"tag-nacional","21":"tag-news","22":"tag-noticias","23":"tag-noticias-principais","24":"tag-noticiasprincipais","25":"tag-portugal","26":"tag-principais-noticias","27":"tag-principaisnoticias","28":"tag-pt","29":"tag-top-stories","30":"tag-topstories","31":"tag-ultimas","32":"tag-ultimas-noticias","33":"tag-ultimasnoticias"},"share_on_mastodon":{"url":"https:\/\/pubeurope.com\/@pt\/115577051422911297","error":""},"_links":{"self":[{"href":"https:\/\/www.europesays.com\/pt\/wp-json\/wp\/v2\/posts\/157749","targetHints":{"allow":["GET"]}}],"collection":[{"href":"https:\/\/www.europesays.com\/pt\/wp-json\/wp\/v2\/posts"}],"about":[{"href":"https:\/\/www.europesays.com\/pt\/wp-json\/wp\/v2\/types\/post"}],"author":[{"embeddable":true,"href":"https:\/\/www.europesays.com\/pt\/wp-json\/wp\/v2\/users\/2"}],"replies":[{"embeddable":true,"href":"https:\/\/www.europesays.com\/pt\/wp-json\/wp\/v2\/comments?post=157749"}],"version-history":[{"count":0,"href":"https:\/\/www.europesays.com\/pt\/wp-json\/wp\/v2\/posts\/157749\/revisions"}],"wp:featuredmedia":[{"embeddable":true,"href":"https:\/\/www.europesays.com\/pt\/wp-json\/wp\/v2\/media\/157750"}],"wp:attachment":[{"href":"https:\/\/www.europesays.com\/pt\/wp-json\/wp\/v2\/media?parent=157749"}],"wp:term":[{"taxonomy":"category","embeddable":true,"href":"https:\/\/www.europesays.com\/pt\/wp-json\/wp\/v2\/categories?post=157749"},{"taxonomy":"post_tag","embeddable":true,"href":"https:\/\/www.europesays.com\/pt\/wp-json\/wp\/v2\/tags?post=157749"}],"curies":[{"name":"wp","href":"https:\/\/api.w.org\/{rel}","templated":true}]}}