{"id":157760,"date":"2025-11-19T15:29:20","date_gmt":"2025-11-19T15:29:20","guid":{"rendered":"https:\/\/www.europesays.com\/pt\/157760\/"},"modified":"2025-11-19T15:29:20","modified_gmt":"2025-11-19T15:29:20","slug":"o-trailer-de-projeto-hail-mary","status":"publish","type":"post","link":"https:\/\/www.europesays.com\/pt\/157760\/","title":{"rendered":"o trailer de &#8220;Projeto Hail Mary&#8221;"},"content":{"rendered":"<p>Ap\u00f3s &#8220;Blade Runner 2049&#8221; (2017) e &#8220;O Primeiro Homem na Lua&#8221; (2018), mas antes de &#8220;Star Wars: Starfighter&#8221; (2027), Ryan Gosling regressa ao espa\u00e7o em &#8220;Projeto Hail Mary&#8221;, que ser\u00e1 um dos grandes lan\u00e7amentos de cinema no pr\u00f3ximo ano: a estreia est\u00e1 marcada para 19 de mar\u00e7o.<\/p>\n<p>A Amazon MGM Studios divulgou um novo trailer deste filme de fic\u00e7\u00e3o cient\u00edfica que adapta um popular e aclamado livro de 2021 de Andy Weir e ser\u00e1 ainda a entrada nas grandes produ\u00e7\u00f5es de Hollywood da atriz alem\u00e3 Sandra H\u00fcller, consagrada definitivamente a n\u00edvel internacional em 2023 por &#8220;Anatomia de uma Queda&#8221; (e nomeada para os \u00d3scares) e &#8220;A Zona de Interesse&#8221;.<\/p>\n<p>&#8220;O professor de Ci\u00eancias Ryland Grace (Ryan Gosling) acorda numa nave espacial a anos-luz de casa, sem se lembrar de quem \u00e9 ou de como l\u00e1 chegou. \u00c0 medida que a sua mem\u00f3ria regressa, come\u00e7a a desvendar a sua miss\u00e3o: resolver o enigma da subst\u00e2ncia misteriosa que est\u00e1 a provocar a extin\u00e7\u00e3o do Sol. Ryland precisa de recorrer ao seu conhecimento cient\u00edfico e \u00e0s suas ideias pouco ortodoxas para salvar tudo na Terra da extin\u00e7\u00e3o&#8230;, mas uma amizade inesperada significa que ele pode n\u00e3o ter de o fazer sozinho&#8221;, resume a apresenta\u00e7\u00e3o oficial da hist\u00f3ria.<\/p>\n<p>&#8220;Projeto Hail Mary&#8221; tamb\u00e9m \u00e9 o primeiro filme como realizadores de Phil Lord e Chris Miller desde a com\u00e9dia &#8220;Agentes Universit\u00e1rios&#8221; em 2014, que juntava Jonah Hill e Channing Tatum, j\u00e1 que estiveram ocupados com &#8220;Han Solo: Uma Hist\u00f3ria de Star Wars&#8221; (2018) antes de serem despedidos e substitu\u00eddos por Ron Howard.<\/p>\n<p>A expectativa tamb\u00e9m aumentou ap\u00f3s um primeiro trailer divulgado a 30 de junho conseguir n\u00fameros de outro mundo: 400 milh\u00f5es de visualiza\u00e7\u00f5es a n\u00edvel global na primeira semana, um novo recorde para um filme original, ou seja, que n\u00e3o \u00e9 uma sequela ou nova vers\u00e3o de outro filme, al\u00e9m do melhor lan\u00e7amento para uma produ\u00e7\u00e3o da Amazon MGM Studios, seja as marcas combinadas ou apenas MGM ou Amazon.<\/p>\n<p><a href=\"https:\/\/bcove.video\/483Fmap\" target=\"_blank\" rel=\"noopener nofollow\"><strong>VEJA O TRAILER LEGENDADO.\u00a0<\/strong><\/a><\/p>\n","protected":false},"excerpt":{"rendered":"Ap\u00f3s &#8220;Blade Runner 2049&#8221; (2017) e &#8220;O Primeiro Homem na Lua&#8221; (2018), mas antes de &#8220;Star Wars: Starfighter&#8221;&hellip;\n","protected":false},"author":2,"featured_media":157761,"comment_status":"","ping_status":"","sticky":false,"template":"","format":"standard","meta":{"footnotes":""},"categories":[140],"tags":[114,115,147,148,146,32,33],"class_list":{"0":"post-157760","1":"post","2":"type-post","3":"status-publish","4":"format-standard","5":"has-post-thumbnail","7":"category-filmes","8":"tag-entertainment","9":"tag-entretenimento","10":"tag-film","11":"tag-filmes","12":"tag-movies","13":"tag-portugal","14":"tag-pt"},"share_on_mastodon":{"url":"https:\/\/pubeurope.com\/@pt\/115577078763872363","error":""},"_links":{"self":[{"href":"https:\/\/www.europesays.com\/pt\/wp-json\/wp\/v2\/posts\/157760","targetHints":{"allow":["GET"]}}],"collection":[{"href":"https:\/\/www.europesays.com\/pt\/wp-json\/wp\/v2\/posts"}],"about":[{"href":"https:\/\/www.europesays.com\/pt\/wp-json\/wp\/v2\/types\/post"}],"author":[{"embeddable":true,"href":"https:\/\/www.europesays.com\/pt\/wp-json\/wp\/v2\/users\/2"}],"replies":[{"embeddable":true,"href":"https:\/\/www.europesays.com\/pt\/wp-json\/wp\/v2\/comments?post=157760"}],"version-history":[{"count":0,"href":"https:\/\/www.europesays.com\/pt\/wp-json\/wp\/v2\/posts\/157760\/revisions"}],"wp:featuredmedia":[{"embeddable":true,"href":"https:\/\/www.europesays.com\/pt\/wp-json\/wp\/v2\/media\/157761"}],"wp:attachment":[{"href":"https:\/\/www.europesays.com\/pt\/wp-json\/wp\/v2\/media?parent=157760"}],"wp:term":[{"taxonomy":"category","embeddable":true,"href":"https:\/\/www.europesays.com\/pt\/wp-json\/wp\/v2\/categories?post=157760"},{"taxonomy":"post_tag","embeddable":true,"href":"https:\/\/www.europesays.com\/pt\/wp-json\/wp\/v2\/tags?post=157760"}],"curies":[{"name":"wp","href":"https:\/\/api.w.org\/{rel}","templated":true}]}}