{"id":157762,"date":"2025-11-19T15:30:14","date_gmt":"2025-11-19T15:30:14","guid":{"rendered":"https:\/\/www.europesays.com\/pt\/157762\/"},"modified":"2025-11-19T15:30:14","modified_gmt":"2025-11-19T15:30:14","slug":"surdolimpicos-margarida-silva-de-prata-nos-1-500-metros-mesmo-sem-uma-sapatilha","status":"publish","type":"post","link":"https:\/\/www.europesays.com\/pt\/157762\/","title":{"rendered":"Surdol\u00edmpicos. Margarida Silva de prata nos 1.500 metros mesmo sem uma sapatilha"},"content":{"rendered":"<p>                Margarida Silva, com 4.40,60 minutos, s\u00f3 foi superada pela russa Iuliia Abubiakirova (4.39,65), primeira, a competir sob bandeira neutra, e imp\u00f4s-se \u00e0 queniana Sharon Bitok (4.43,65), terceira.<\/p>\n<p>&#13;<br \/>\n\u201cFoi quase como se tivesse visto este momento muitas vezes e \u00e9 a sua concretiza\u00e7\u00e3o. Nunca tinha perdido um t\u00e9nis durante a prova, foi a primeira vez, mas n\u00e3o me foquei nisso e corri at\u00e9 ao final independentemente das condi\u00e7\u00f5es\u201d, disse Margarida Silva.&#13;\n<\/p>\n<p>&#13;<br \/>\n(Cr\u00e9ditos. Paralimpicos@facebook)\u00a0&#13;\n<\/p>\n<p>&#13;<br \/>\nEsta \u00e9 a terceira medalha da comitiva portuguesa em T\u00f3quio, ap\u00f3s o ouro da judoca Joana Santos e o bronze do ciclista Andr\u00e9 Soares, e se n\u00e3o fosse a contrariedade da sapatilha o resultado podia ter sido diferente.&#13;\n<\/p>\n<p>\n\u201cAcredito que se n\u00e3o tivesse tido este percal\u00e7o o desfecho podia ter sido diferente, mas foi muito bom e n\u00e3o posso estar triste por isso. Fui inteligente a correr e acredito que estive \u00e0 altura do desafio\u201d, assegurou a atleta.<\/p>\n<p>&#13;<br \/>\n(Cr\u00e9ditos. Paralimpicos@facebook) <br \/>&#13;\n<\/p>\n<p>&#13;<br \/>\nOs Jogos Surdol\u00edmpicos T\u00f3quio2025, que decorrem at\u00e9 26 de novembro, juntam cerca de 3.000 atletas com defici\u00eancia auditiva e Portugal conta com 13 participantes, que competem em cinco modalidades: atletismo, ciclismo, judo, nata\u00e7\u00e3o e tiro.&#13;\n<\/p>\n<p>\nPortugal participa pela nona vez nestes Jogos, deste a estreia em S\u00f3fia, em 1993, tendo conquistado desde ent\u00e3o um total de 20 medalhas (oito de ouro, cinco de prata e sete de bronze), tr\u00eas j\u00e1 em T\u00f3quio, por Margarida Silva (prata), pela judoca Joana Santos (ouro) e pelo ciclista Andr\u00e9 Soares (bronze).<\/p>\n","protected":false},"excerpt":{"rendered":"Margarida Silva, com 4.40,60 minutos, s\u00f3 foi superada pela russa Iuliia Abubiakirova (4.39,65), primeira, a competir sob bandeira&hellip;\n","protected":false},"author":2,"featured_media":157763,"comment_status":"","ping_status":"","sticky":false,"template":"","format":"standard","meta":{"footnotes":""},"categories":[87],"tags":[135,13,32,33,420,421,134],"class_list":{"0":"post-157762","1":"post","2":"type-post","3":"status-publish","4":"format-standard","5":"has-post-thumbnail","7":"category-desporto","8":"tag-desporto","9":"tag-noticias","10":"tag-portugal","11":"tag-pt","12":"tag-rtp","13":"tag-rtp-noticias","14":"tag-sports"},"share_on_mastodon":{"url":"https:\/\/pubeurope.com\/@pt\/115577082503460688","error":""},"_links":{"self":[{"href":"https:\/\/www.europesays.com\/pt\/wp-json\/wp\/v2\/posts\/157762","targetHints":{"allow":["GET"]}}],"collection":[{"href":"https:\/\/www.europesays.com\/pt\/wp-json\/wp\/v2\/posts"}],"about":[{"href":"https:\/\/www.europesays.com\/pt\/wp-json\/wp\/v2\/types\/post"}],"author":[{"embeddable":true,"href":"https:\/\/www.europesays.com\/pt\/wp-json\/wp\/v2\/users\/2"}],"replies":[{"embeddable":true,"href":"https:\/\/www.europesays.com\/pt\/wp-json\/wp\/v2\/comments?post=157762"}],"version-history":[{"count":0,"href":"https:\/\/www.europesays.com\/pt\/wp-json\/wp\/v2\/posts\/157762\/revisions"}],"wp:featuredmedia":[{"embeddable":true,"href":"https:\/\/www.europesays.com\/pt\/wp-json\/wp\/v2\/media\/157763"}],"wp:attachment":[{"href":"https:\/\/www.europesays.com\/pt\/wp-json\/wp\/v2\/media?parent=157762"}],"wp:term":[{"taxonomy":"category","embeddable":true,"href":"https:\/\/www.europesays.com\/pt\/wp-json\/wp\/v2\/categories?post=157762"},{"taxonomy":"post_tag","embeddable":true,"href":"https:\/\/www.europesays.com\/pt\/wp-json\/wp\/v2\/tags?post=157762"}],"curies":[{"name":"wp","href":"https:\/\/api.w.org\/{rel}","templated":true}]}}