{"id":157765,"date":"2025-11-19T15:35:18","date_gmt":"2025-11-19T15:35:18","guid":{"rendered":"https:\/\/www.europesays.com\/pt\/157765\/"},"modified":"2025-11-19T15:35:18","modified_gmt":"2025-11-19T15:35:18","slug":"as-cores-e-os-caixoes-personalizados-marcam-a-diferenca","status":"publish","type":"post","link":"https:\/\/www.europesays.com\/pt\/157765\/","title":{"rendered":"as cores e os caix\u00f5es personalizados marcam a diferen\u00e7a"},"content":{"rendered":"<p><strong>Uma fot\u00f3grafa mergulhou no mundo secreto e colorido dos funerais no Gana. <\/strong><strong>Regula Tschumi \u00e9 fot\u00f3grafa e antropologista que vive em Bern, Su\u00ed\u00e7a, mas que se apaixonou pela forma como se celebram os mortos no Gana.<\/strong><\/p>\n<p>Segundo conta no <a href=\"https:\/\/regulatschumi-photography.ch\/en-CH\/about\" target=\"_blank\" rel=\"noreferrer noopener nofollow\">seu site de portf\u00f3lio<\/a>, Tschumi passou v\u00e1rios meses por ano no Gana, desde 2003, onde realizou investiga\u00e7\u00e3o de campo para a tese e doutorado ao longo de anos. O resultado foi transformado em texto e imagens num livro com fotografias de 2004 a 2024, tiradas principalmente do povo Ga da Grande Accra, mas n\u00e3o s\u00f3. <\/p>\n<p>As imagens retratam uma realidade muito distante da ocidental: funerais coloridos, caix\u00f5es carregados em ombros que s\u00e3o tudo menos convencionais. De acordo com a fot\u00f3grafa, citada pela CNN, geralmente \u00e9 a fam\u00edlia que decide o formato do caix\u00e3o. <\/p>\n<p>\t\t<img decoding=\"async\" src=\"https:\/\/www.europesays.com\/pt\/wp-content\/uploads\/2025\/11\/1763566518_775_thumbs.web.sapo.io\"  loading=\"true\"\/><\/p>\n<p>                        Regula Tschumi<\/p>\n<p>Por exemplo, uma vendedora de abacaxis foi sepultada num caix\u00e3o em formato de abacaxi na regi\u00e3o da Grande Accra, em 2019. Outro exemplo \u00e9 o de um caix\u00e3o em forma de caranguejo feito em 2024 para um construtor apelidado de &#8220;Caranguejo&#8221;.<\/p>\n<p>\t\t<img decoding=\"async\" src=\"https:\/\/www.europesays.com\/pt\/wp-content\/uploads\/2025\/11\/1763566518_467_thumbs.web.sapo.io\"  loading=\"true\"\/><\/p>\n<p>                        Regula Tschumi<\/p>\n<blockquote><p> &#8220;Os caix\u00f5es figurativos do povo Ga, em Gana, s\u00e3o \u00fanicos no mundo. Os formatos simbolizam  frequentemente  a profiss\u00e3o do falecido. Mas tamb\u00e9m podem representar um s\u00edmbolo familiar ou estar relacionado a um prov\u00e9rbio. Caix\u00f5es com design s\u00e3o usados \u200b\u200bna regi\u00e3o da Grande Accra desde a d\u00e9cada de 1950 e tornaram-se parte integrante da cultura funer\u00e1ria local&#8221;, descreve a fot\u00f3grafa. <\/p><\/blockquote>\n<p>Os caix\u00f5es surgiram em meados do s\u00e9culo XX e foram originalmente derivados dos tradicionais palanquins decorativos. Hoje a tradi\u00e7\u00e3o mant\u00e9m-se com a extravag\u00e2ncia pouco associada a um momento como o funeral. <\/p>\n","protected":false},"excerpt":{"rendered":"Uma fot\u00f3grafa mergulhou no mundo secreto e colorido dos funerais no Gana. Regula Tschumi \u00e9 fot\u00f3grafa e antropologista&hellip;\n","protected":false},"author":2,"featured_media":157766,"comment_status":"","ping_status":"","sticky":false,"template":"","format":"standard","meta":{"footnotes":""},"categories":[50],"tags":[27,28,15,16,14,25,26,21,22,62,12,13,19,20,23,24,17,18,29,30,31,63,64,65],"class_list":{"0":"post-157765","1":"post","2":"type-post","3":"status-publish","4":"format-standard","5":"has-post-thumbnail","7":"category-mundo","8":"tag-breaking-news","9":"tag-breakingnews","10":"tag-featured-news","11":"tag-featurednews","12":"tag-headlines","13":"tag-latest-news","14":"tag-latestnews","15":"tag-main-news","16":"tag-mainnews","17":"tag-mundo","18":"tag-news","19":"tag-noticias","20":"tag-noticias-principais","21":"tag-noticiasprincipais","22":"tag-principais-noticias","23":"tag-principaisnoticias","24":"tag-top-stories","25":"tag-topstories","26":"tag-ultimas","27":"tag-ultimas-noticias","28":"tag-ultimasnoticias","29":"tag-world","30":"tag-world-news","31":"tag-worldnews"},"share_on_mastodon":{"url":"https:\/\/pubeurope.com\/@pt\/115577102643079048","error":""},"_links":{"self":[{"href":"https:\/\/www.europesays.com\/pt\/wp-json\/wp\/v2\/posts\/157765","targetHints":{"allow":["GET"]}}],"collection":[{"href":"https:\/\/www.europesays.com\/pt\/wp-json\/wp\/v2\/posts"}],"about":[{"href":"https:\/\/www.europesays.com\/pt\/wp-json\/wp\/v2\/types\/post"}],"author":[{"embeddable":true,"href":"https:\/\/www.europesays.com\/pt\/wp-json\/wp\/v2\/users\/2"}],"replies":[{"embeddable":true,"href":"https:\/\/www.europesays.com\/pt\/wp-json\/wp\/v2\/comments?post=157765"}],"version-history":[{"count":0,"href":"https:\/\/www.europesays.com\/pt\/wp-json\/wp\/v2\/posts\/157765\/revisions"}],"wp:featuredmedia":[{"embeddable":true,"href":"https:\/\/www.europesays.com\/pt\/wp-json\/wp\/v2\/media\/157766"}],"wp:attachment":[{"href":"https:\/\/www.europesays.com\/pt\/wp-json\/wp\/v2\/media?parent=157765"}],"wp:term":[{"taxonomy":"category","embeddable":true,"href":"https:\/\/www.europesays.com\/pt\/wp-json\/wp\/v2\/categories?post=157765"},{"taxonomy":"post_tag","embeddable":true,"href":"https:\/\/www.europesays.com\/pt\/wp-json\/wp\/v2\/tags?post=157765"}],"curies":[{"name":"wp","href":"https:\/\/api.w.org\/{rel}","templated":true}]}}