{"id":15777,"date":"2025-08-04T16:11:11","date_gmt":"2025-08-04T16:11:11","guid":{"rendered":"https:\/\/www.europesays.com\/pt\/15777\/"},"modified":"2025-08-04T16:11:11","modified_gmt":"2025-08-04T16:11:11","slug":"francisco-monteiro-partilha-desabafo-ele-nao-pode-estar-bem-saiu-de-casa-pelas-3-da-manha-e-deixou-todos-os-documentos","status":"publish","type":"post","link":"https:\/\/www.europesays.com\/pt\/15777\/","title":{"rendered":"Francisco Monteiro partilha desabafo: &#8220;Ele n\u00e3o pode estar bem. Saiu de casa pelas 3 da manh\u00e3 e deixou todos os documentos&#8221;"},"content":{"rendered":"<p>Jo\u00e3o Francisco Cola\u00e7o da Costa est\u00e1 desaparecido desde a\u00a0madrugada da passada quinta-feira, dia 31, na qual foi visto, pela \u00faltima vez, no Candal, em Vila Nova De Gaia.<\/p>\n<p>Nas redes sociais, multiplicam-se os apelos para que se encontre o jovem, de 22 anos. Por exemplo, <a href=\"https:\/\/selfie.iol.pt\/famosos\/francisco-monteiro\/francisco-monteiro-e-barbara-parada-fazem-apelo-foi-visto-pela-ultima-vez-ontem\/20250801\/688c9ab8d34ef72ee448fd35\" target=\"_blank\" rel=\"nofollow noopener\">Francisco Monteiro<\/a> partilhou o apelo de um amigo de Jo\u00e3o\u00a0Francisco Cola\u00e7o da Costa.<\/p>\n<p>Nesse apelo, \u00e9 referido que o jovem foi localizado, pela \u00faltima vez, atrav\u00e9s do telem\u00f3vel por geolocaliza\u00e7\u00e3o,\u00a0entre o Candal e o Pal\u00e1cio de Cristal.<\/p>\n<p>&#8220;N\u00e3o \u00e9 poss\u00edvel ele estar bem. Saiu pelas 3 da manh\u00e3 de casa e deixou a carteira e todos os documentos. Ele n\u00e3o sabe conduzir&#8221;, pode ler-se, ainda, nesse apelo desesperado.<\/p>\n<p>Veja, agora, o texto na \u00edntegra. E n\u00e3o deixe de espreitar algumas das melhores imagens de Francisco Monteiro nas galerias de fotografias que prepar\u00e1mos para si.<\/p>\n<p><img decoding=\"async\" alt=\"\" onclick=\"\" src=\"https:\/\/www.europesays.com\/pt\/wp-content\/uploads\/2025\/08\/1754323871_375_1024.jpeg\" title=\"Francisco Monteiro\"\/><\/p>\n","protected":false},"excerpt":{"rendered":"Jo\u00e3o Francisco Cola\u00e7o da Costa est\u00e1 desaparecido desde a\u00a0madrugada da passada quinta-feira, dia 31, na qual foi visto,&hellip;\n","protected":false},"author":2,"featured_media":15778,"comment_status":"","ping_status":"","sticky":false,"template":"","format":"standard","meta":{"footnotes":""},"categories":[142],"tags":[4545,48,114,115,980,2071,1015,619,32,33,1014,1012,151,162],"class_list":{"0":"post-15777","1":"post","2":"type-post","3":"status-publish","4":"format-standard","5":"has-post-thumbnail","7":"category-tv","8":"tag-apelo","9":"tag-big-brother","10":"tag-entertainment","11":"tag-entretenimento","12":"tag-famosos","13":"tag-francisco-monteiro","14":"tag-instagram","15":"tag-nacional","16":"tag-portugal","17":"tag-pt","18":"tag-reality-show","19":"tag-selfie","20":"tag-tv","21":"tag-tvi"},"share_on_mastodon":{"url":"","error":""},"_links":{"self":[{"href":"https:\/\/www.europesays.com\/pt\/wp-json\/wp\/v2\/posts\/15777","targetHints":{"allow":["GET"]}}],"collection":[{"href":"https:\/\/www.europesays.com\/pt\/wp-json\/wp\/v2\/posts"}],"about":[{"href":"https:\/\/www.europesays.com\/pt\/wp-json\/wp\/v2\/types\/post"}],"author":[{"embeddable":true,"href":"https:\/\/www.europesays.com\/pt\/wp-json\/wp\/v2\/users\/2"}],"replies":[{"embeddable":true,"href":"https:\/\/www.europesays.com\/pt\/wp-json\/wp\/v2\/comments?post=15777"}],"version-history":[{"count":0,"href":"https:\/\/www.europesays.com\/pt\/wp-json\/wp\/v2\/posts\/15777\/revisions"}],"wp:featuredmedia":[{"embeddable":true,"href":"https:\/\/www.europesays.com\/pt\/wp-json\/wp\/v2\/media\/15778"}],"wp:attachment":[{"href":"https:\/\/www.europesays.com\/pt\/wp-json\/wp\/v2\/media?parent=15777"}],"wp:term":[{"taxonomy":"category","embeddable":true,"href":"https:\/\/www.europesays.com\/pt\/wp-json\/wp\/v2\/categories?post=15777"},{"taxonomy":"post_tag","embeddable":true,"href":"https:\/\/www.europesays.com\/pt\/wp-json\/wp\/v2\/tags?post=15777"}],"curies":[{"name":"wp","href":"https:\/\/api.w.org\/{rel}","templated":true}]}}