{"id":157771,"date":"2025-11-19T15:38:10","date_gmt":"2025-11-19T15:38:10","guid":{"rendered":"https:\/\/www.europesays.com\/pt\/157771\/"},"modified":"2025-11-19T15:38:10","modified_gmt":"2025-11-19T15:38:10","slug":"renato-aragao-quebra-silencio-sobre-acusacao-polemica-da-filha","status":"publish","type":"post","link":"https:\/\/www.europesays.com\/pt\/157771\/","title":{"rendered":"Renato Arag\u00e3o quebra sil\u00eancio sobre acusa\u00e7\u00e3o pol\u00eamica da filha"},"content":{"rendered":"<p>A fam\u00edlia revelou que Juliana saiu de casa no in\u00edcio deste ano sem avisar para onde ia, deixando sua filha, J\u00falia, aos cuidados do av\u00f4.<\/p>\n<p>Desde ent\u00e3o, Renato afirma que todas as tentativas de contato foram frustradas e que o \u00fanico contato recebido foram notifica\u00e7\u00f5es jur\u00eddicas e mensagens que ele considera de \u201cchantagem\u201d.<\/p>\n<p>Ainda segundo o comunicado, o dinheiro nunca entrou no patrim\u00f4nio do humorista ou de sua mulher, sendo apenas administrado para seguran\u00e7a da filha.<\/p>\n","protected":false},"excerpt":{"rendered":"A fam\u00edlia revelou que Juliana saiu de casa no in\u00edcio deste ano sem avisar para onde ia, deixando&hellip;\n","protected":false},"author":2,"featured_media":157772,"comment_status":"","ping_status":"","sticky":false,"template":"","format":"standard","meta":{"footnotes":""},"categories":[145],"tags":[726,211,210,114,115,32,33,151],"class_list":{"0":"post-157771","1":"post","2":"type-post","3":"status-publish","4":"format-standard","5":"has-post-thumbnail","7":"category-celebridades","8":"tag-brasil","9":"tag-celebridades","10":"tag-celebrities","11":"tag-entertainment","12":"tag-entretenimento","13":"tag-portugal","14":"tag-pt","15":"tag-tv"},"share_on_mastodon":{"url":"https:\/\/pubeurope.com\/@pt\/115577114044453420","error":""},"_links":{"self":[{"href":"https:\/\/www.europesays.com\/pt\/wp-json\/wp\/v2\/posts\/157771","targetHints":{"allow":["GET"]}}],"collection":[{"href":"https:\/\/www.europesays.com\/pt\/wp-json\/wp\/v2\/posts"}],"about":[{"href":"https:\/\/www.europesays.com\/pt\/wp-json\/wp\/v2\/types\/post"}],"author":[{"embeddable":true,"href":"https:\/\/www.europesays.com\/pt\/wp-json\/wp\/v2\/users\/2"}],"replies":[{"embeddable":true,"href":"https:\/\/www.europesays.com\/pt\/wp-json\/wp\/v2\/comments?post=157771"}],"version-history":[{"count":0,"href":"https:\/\/www.europesays.com\/pt\/wp-json\/wp\/v2\/posts\/157771\/revisions"}],"wp:featuredmedia":[{"embeddable":true,"href":"https:\/\/www.europesays.com\/pt\/wp-json\/wp\/v2\/media\/157772"}],"wp:attachment":[{"href":"https:\/\/www.europesays.com\/pt\/wp-json\/wp\/v2\/media?parent=157771"}],"wp:term":[{"taxonomy":"category","embeddable":true,"href":"https:\/\/www.europesays.com\/pt\/wp-json\/wp\/v2\/categories?post=157771"},{"taxonomy":"post_tag","embeddable":true,"href":"https:\/\/www.europesays.com\/pt\/wp-json\/wp\/v2\/tags?post=157771"}],"curies":[{"name":"wp","href":"https:\/\/api.w.org\/{rel}","templated":true}]}}