{"id":157773,"date":"2025-11-19T15:41:24","date_gmt":"2025-11-19T15:41:24","guid":{"rendered":"https:\/\/www.europesays.com\/pt\/157773\/"},"modified":"2025-11-19T15:41:24","modified_gmt":"2025-11-19T15:41:24","slug":"lagrimas-em-secret-story-marisa-revela-coincidencia-sobre-morte-de-avo-que-a-marca-ate-hoje","status":"publish","type":"post","link":"https:\/\/www.europesays.com\/pt\/157773\/","title":{"rendered":"L\u00e1grimas em &#8220;Secret Story&#8221;: Marisa revela coincid\u00eancia sobre morte de av\u00f3&#8230; que a marca at\u00e9 hoje!"},"content":{"rendered":"<p>A Voz desafiou os concorrentes da nona edi\u00e7\u00e3o de &#8220;Secret Story &#8211; Casa dos Segredos&#8221; a falaram sobre as maiores cicatrizes que guardam e Marisa Pires depressa desabou em l\u00e1grimas ao lembrar a morte de uma av\u00f3.<\/p>\n<p>&#8220;Nascemos numa aldeia, todos felizes. A fam\u00edlia toda junta. A minha av\u00f3 era como se fosse uma m\u00e3e para n\u00f3s. Trabalhava para n\u00f3s. Eles viviam do gado. Todo o dinheiro que a minha av\u00f3 juntava era para dar a todos os netos, quando nos reun\u00edamos em casa. At\u00e9 que, um dia, lhe foi diagnosticado um cancro. Ela nunca mais voltou a ser a mesma&#8221;, desabafou a participante do reality show da <a href=\"https:\/\/tvi.iol.pt\/\" target=\"_blank\" rel=\"nofollow noopener\">TVI<\/a>, enquanto o companheiro, <a href=\"https:\/\/selfie.iol.pt\/famosos\/casa-dos-segredos-9\/secret-story-pedro-jorge-recusa-ir-com-liliana-para-quarto-secreto-e-recebe-castigo-da-voz\/20251113\/6916593bd34e2bd5c6d3fb21\" target=\"_blank\" rel=\"nofollow noopener\">Pedro Jorge<\/a>, tamb\u00e9m se mostrava visivelmente emocionado.<\/p>\n<p>&#8220;Sa\u00eda para fazer os tratamentos e, quando voltava, vinha cansada. Era uma mulher guerreira. A partir do momento em que ela adoeceu, fui vendo-a a desfalecer&#8221;, prosseguiu Marisa Pires, recordando &#8220;o maior choque&#8221; pelo qual passou: &#8220;A minha av\u00f3 teve de ficar mais tempo a fazer tratamentos no hospital. Quando ela voltou a casa, n\u00e3o trazia cabelo algum.&#8221;<\/p>\n<p>&#8220;Passou um ano e n\u00f3s pens\u00e1mos que ela iria ficar bem, at\u00e9 que ouvi a minha m\u00e3e a falar com o meu tio, a dizer que ela j\u00e1 tinha o cancro espalhado por todo o corpo e que n\u00e3o ia durar muito mais tempo&#8221;, continuou a concorrente de &#8220;Secret Story &#8211; Casa dos Segredos&#8221;, revelando palavras da familiar que lhe permanecem na mem\u00f3ria: &#8220;Uma vez, cheguei a casa e ela estava a comentar com o meu av\u00f4, deitada na cama: &#8216;S\u00f3 eu e Deus sabemos o que tenho sofrido debaixo destas telhas&#8217;. Esta frase nunca me saiu da mem\u00f3ria.&#8221;<\/p>\n<p>Lavada em l\u00e1grimas, a companheira de <a href=\"https:\/\/selfie.iol.pt\/famosos\/casa-dos-segredos-9\/fora-de-secret-story-equipa-de-pedro-jorge-e-marisa-assinala-data-marcante-imaginem-o-que-ainda-esta-para-vir\/20251114\/69177ca9d34e2bd5c6d40736\" target=\"_blank\" rel=\"nofollow noopener\">Pedro Jorge<\/a> acabou por partilhar uma coincid\u00eancia que envolve a morte da av\u00f3: &#8220;A 4 de outubro, o dia em que fa\u00e7o anos, acordei feliz, porque ia ser a minha festa, e a minha m\u00e3e veio a gritar, a dizer que tinham ligado do hospital a dizer que a minha av\u00f3 tinha morrido. Eu fazia 15 anos nesse dia. A partir da\u00ed, o meu anivers\u00e1rio nunca mais foi o mesmo.&#8221;<\/p>\n<p>Veja, agora, este e outros v\u00eddeos da din\u00e2mica realizada em &#8220;<a href=\"https:\/\/tvi.iol.pt\/secretstory\/\" target=\"_blank\" rel=\"nofollow noopener\">Secret Story<\/a> &#8211; Casa dos Segredos&#8221;.<\/p>\n","protected":false},"excerpt":{"rendered":"A Voz desafiou os concorrentes da nona edi\u00e7\u00e3o de &#8220;Secret Story &#8211; Casa dos Segredos&#8221; a falaram sobre&hellip;\n","protected":false},"author":2,"featured_media":157774,"comment_status":"","ping_status":"","sticky":false,"template":"","format":"standard","meta":{"footnotes":""},"categories":[142],"tags":[2632,13471,6338,328,114,115,980,19184,21766,619,14646,21416,32,33,1014,1315,6985,16687,16686,1012,6986,16688,151,162],"class_list":{"0":"post-157773","1":"post","2":"type-post","3":"status-publish","4":"format-standard","5":"has-post-thumbnail","7":"category-tv","8":"tag-casa-dos-segredos","9":"tag-casa-dos-segredos-9","10":"tag-concorrente","11":"tag-concorrentes","12":"tag-entertainment","13":"tag-entretenimento","14":"tag-famosos","15":"tag-marisa","16":"tag-marisa-pires","17":"tag-nacional","18":"tag-pedro","19":"tag-pedro-jorge","20":"tag-portugal","21":"tag-pt","22":"tag-reality-show","23":"tag-secret-story","24":"tag-secret-story-casa-dos-segredos","25":"tag-secret-story-casa-dos-segredos-9","26":"tag-secret-story-9","27":"tag-selfie","28":"tag-ss","29":"tag-ss9","30":"tag-tv","31":"tag-tvi"},"share_on_mastodon":{"url":"https:\/\/pubeurope.com\/@pt\/115577126110801553","error":""},"_links":{"self":[{"href":"https:\/\/www.europesays.com\/pt\/wp-json\/wp\/v2\/posts\/157773","targetHints":{"allow":["GET"]}}],"collection":[{"href":"https:\/\/www.europesays.com\/pt\/wp-json\/wp\/v2\/posts"}],"about":[{"href":"https:\/\/www.europesays.com\/pt\/wp-json\/wp\/v2\/types\/post"}],"author":[{"embeddable":true,"href":"https:\/\/www.europesays.com\/pt\/wp-json\/wp\/v2\/users\/2"}],"replies":[{"embeddable":true,"href":"https:\/\/www.europesays.com\/pt\/wp-json\/wp\/v2\/comments?post=157773"}],"version-history":[{"count":0,"href":"https:\/\/www.europesays.com\/pt\/wp-json\/wp\/v2\/posts\/157773\/revisions"}],"wp:featuredmedia":[{"embeddable":true,"href":"https:\/\/www.europesays.com\/pt\/wp-json\/wp\/v2\/media\/157774"}],"wp:attachment":[{"href":"https:\/\/www.europesays.com\/pt\/wp-json\/wp\/v2\/media?parent=157773"}],"wp:term":[{"taxonomy":"category","embeddable":true,"href":"https:\/\/www.europesays.com\/pt\/wp-json\/wp\/v2\/categories?post=157773"},{"taxonomy":"post_tag","embeddable":true,"href":"https:\/\/www.europesays.com\/pt\/wp-json\/wp\/v2\/tags?post=157773"}],"curies":[{"name":"wp","href":"https:\/\/api.w.org\/{rel}","templated":true}]}}