{"id":157775,"date":"2025-11-19T15:42:11","date_gmt":"2025-11-19T15:42:11","guid":{"rendered":"https:\/\/www.europesays.com\/pt\/157775\/"},"modified":"2025-11-19T15:42:11","modified_gmt":"2025-11-19T15:42:11","slug":"casa-de-jung-kook-do-bts-sofre-terceira-tentativa-de-invasao-em-cinco-meses","status":"publish","type":"post","link":"https:\/\/www.europesays.com\/pt\/157775\/","title":{"rendered":"Casa de Jung Kook, do BTS, sofre terceira tentativa de invas\u00e3o em cinco meses"},"content":{"rendered":"<p>A casa de <strong>Jung<\/strong> <strong>Kook<\/strong>, integrante do <strong><a href=\"https:\/\/billboard.com.br\/artistas\/bts\/\" data-internallinksmanager029f6b8e52c=\"17\" title=\"BTS\" rel=\"nofollow noopener\" target=\"_blank\">BTS<\/a><\/strong>, sofreu a terceira tentativa de invas\u00e3o em cinco meses. Segundo a <a href=\"https:\/\/billboard.com.br\/policia\/\" data-internallinksmanager029f6b8e52c=\"217\" title=\"Pol\u00edcia\" rel=\"nofollow noopener\" target=\"_blank\">pol\u00edcia<\/a>, uma mulher na casa dos 50 anos est\u00e1 sob investiga\u00e7\u00e3o ap\u00f3s tentar entrar na resid\u00eancia v\u00e1rias vezes entre os dias 12 e 14 de novembro.<\/p>\n<p>  VEJA TAMB\u00c9M<\/p>\n<p>    <a href=\"https:\/\/billboard.com.br\/cortis-estreia-primeiro-carreira-billboard-200\/\" rel=\"nofollow noopener\" target=\"_blank\"><img loading=\"lazy\" decoding=\"async\" width=\"180\" height=\"180\" src=\"data:image\/svg+xml,%3Csvg%20xmlns=\" http:=\"\" class=\"attachment-theissue-thumbnail-x2 size-theissue-thumbnail-x2 wp-post-image\" alt=\"CORTIS\" data-lazy- data-lazy- data-lazy-src=\"https:\/\/www.europesays.com\/pt\/wp-content\/uploads\/2025\/11\/cortis-1-180x180.jpg\"\/><\/a><\/p>\n<p>A Delegacia de <a href=\"https:\/\/billboard.com.br\/policia\/\" data-internallinksmanager029f6b8e52c=\"217\" title=\"Pol\u00edcia\" rel=\"nofollow noopener\" target=\"_blank\">Pol\u00edcia<\/a> de Yongsan, em Seul, informou que abriu um inqu\u00e9rito interno contra ela por tentativa de arrombamento da fechadura eletr\u00f4nica, com base em um boletim de ocorr\u00eancia registrado.<\/p>\n<p>No in\u00edcio de junho, uma mulher chinesa na casa dos 30 anos foi detida por tentar invadir a casa de <a href=\"https:\/\/billboard.com.br\/artistas\/jung-kook\/\" data-internallinksmanager029f6b8e52c=\"44\" title=\"Jung Kook\" rel=\"nofollow noopener\" target=\"_blank\">Jung Kook<\/a>, mas os promotores decidiram n\u00e3o apresentar queixa contra ela.<\/p>\n<p>Em agosto, uma mulher de 40 anos tamb\u00e9m foi presa ap\u00f3s tentar entrar no im\u00f3vel do cantor. Ela alegou que pensou ser <a href=\"https:\/\/billboard.com.br\/casa-jung-kook-bts-nova-invasao\/\" target=\"_blank\" rel=\"noopener nofollow\">a casa de uma amiga<\/a>.<\/p>\n<p class=\"p1\">\ud83d\udcf2 <a href=\"https:\/\/www.whatsapp.com\/channel\/0029ValKuvo4dTnMRyrLrD0W\" target=\"_blank\" rel=\"noopener nofollow\"><b>K-POP NO WHATSAPP: Participe do canal da Billboard Brasil para not\u00edcias e entrevistas exclusivas!<\/b><b\/><\/a><\/p>\n<p><img loading=\"lazy\" decoding=\"async\" class=\"size-full wp-image-162525\" src=\"data:image\/svg+xml,%3Csvg%20xmlns=\" http:=\"\" alt=\"Jung Kook, do BTS\" width=\"1200\" height=\"630\" data-lazy- data-lazy- data-lazy-src=\"https:\/\/www.europesays.com\/pt\/wp-content\/uploads\/2025\/11\/jung-kook.jpg\"\/><a href=\"https:\/\/billboard.com.br\/artistas\/jung-kook\/\" data-internallinksmanager029f6b8e52c=\"44\" title=\"Jung Kook\" rel=\"nofollow noopener\" target=\"_blank\">Jung Kook<\/a>, do <a href=\"https:\/\/billboard.com.br\/artistas\/bts\/\" data-internallinksmanager029f6b8e52c=\"17\" title=\"BTS\" rel=\"nofollow noopener\" target=\"_blank\">BTS<\/a> (Weverse\/Reprodu\u00e7\u00e3o)<br \/>\nRetorno aos palcos<\/p>\n<p><a title=\"Jung Kook\" href=\"https:\/\/billboard.com.br\/artistas\/jung-kook\/\" data-internallinksmanager029f6b8e52c=\"44\" rel=\"nofollow noopener\" target=\"_blank\">Jung Kook<\/a>\u00a0completou o servi\u00e7o militar em junho. Ele se alistou em dezembro de 2023 e foi cozinheiro na 5\u00aa Brigada de Artilharia do Ex\u00e9rcito.<\/p>\n<p>O grupo de K-pop foi formado em 2013 por RM, Jin, J-Hope, SUGA, Jimin, V e\u00a0<a title=\"Jung Kook\" href=\"https:\/\/billboard.com.br\/artistas\/jung-kook\/\" data-internallinksmanager029f6b8e52c=\"44\" rel=\"nofollow noopener\" target=\"_blank\">Jung Kook<\/a>. O septeto foi criado pela HYBE, anteriormente conhecida como Big Hit Entertainment, na Coreia do Sul.<\/p>\n<p>Desde sua estreia, o\u00a0<a title=\"BTS\" href=\"https:\/\/billboard.com.br\/artistas\/bts\/\" data-internallinksmanager029f6b8e52c=\"17\" rel=\"nofollow noopener\" target=\"_blank\">BTS<\/a>\u00a0lan\u00e7ou diversos EPs e \u00e1lbuns de est\u00fadio, incluindo:<\/p>\n<ul>\n<li>\u201c2 Cool 4 Skool\u201d (2013)<\/li>\n<li>\u201cDark &amp; Wild\u201d (2014)<\/li>\n<li>\u201cThe Most Beautiful Moments in Life I\u201d (2015)<\/li>\n<li>\u201cWings\u201d (2016)<\/li>\n<li>\u201cLove Yourself: Her, Tear e Answer\u201d (2017 e 2018)<\/li>\n<li>\u201cMap of The Soul: Persona\u201d (2019)<\/li>\n<li>\u201cMap of The Soul: 7\u201d (2020)<\/li>\n<li>\u201cBe\u201d (2020)<\/li>\n<li>\u201cProof\u201d (2022)<\/li>\n<\/ul>\n<p><img loading=\"lazy\" decoding=\"async\" class=\"size-full wp-image-153535\" src=\"data:image\/svg+xml,%3Csvg%20xmlns=\" http:=\"\" alt=\"BTS\" width=\"983\" height=\"570\" data-lazy- data-lazy- data-lazy-src=\"https:\/\/www.europesays.com\/pt\/wp-content\/uploads\/2025\/11\/1763566931_260_BTS.jpg\"\/><a href=\"https:\/\/billboard.com.br\/artistas\/bts\/\" data-internallinksmanager029f6b8e52c=\"17\" title=\"BTS\" rel=\"nofollow noopener\" target=\"_blank\">BTS<\/a> (BIGHIT MUSIC)<\/p>\n","protected":false},"excerpt":{"rendered":"A casa de Jung Kook, integrante do BTS, sofreu a terceira tentativa de invas\u00e3o em cinco meses. Segundo&hellip;\n","protected":false},"author":2,"featured_media":157776,"comment_status":"","ping_status":"","sticky":false,"template":"","format":"standard","meta":{"footnotes":""},"categories":[141],"tags":[114,115,149,150,32,33],"class_list":{"0":"post-157775","1":"post","2":"type-post","3":"status-publish","4":"format-standard","5":"has-post-thumbnail","7":"category-musica","8":"tag-entertainment","9":"tag-entretenimento","10":"tag-music","11":"tag-musica","12":"tag-portugal","13":"tag-pt"},"share_on_mastodon":{"url":"https:\/\/pubeurope.com\/@pt\/115577129827465473","error":""},"_links":{"self":[{"href":"https:\/\/www.europesays.com\/pt\/wp-json\/wp\/v2\/posts\/157775","targetHints":{"allow":["GET"]}}],"collection":[{"href":"https:\/\/www.europesays.com\/pt\/wp-json\/wp\/v2\/posts"}],"about":[{"href":"https:\/\/www.europesays.com\/pt\/wp-json\/wp\/v2\/types\/post"}],"author":[{"embeddable":true,"href":"https:\/\/www.europesays.com\/pt\/wp-json\/wp\/v2\/users\/2"}],"replies":[{"embeddable":true,"href":"https:\/\/www.europesays.com\/pt\/wp-json\/wp\/v2\/comments?post=157775"}],"version-history":[{"count":0,"href":"https:\/\/www.europesays.com\/pt\/wp-json\/wp\/v2\/posts\/157775\/revisions"}],"wp:featuredmedia":[{"embeddable":true,"href":"https:\/\/www.europesays.com\/pt\/wp-json\/wp\/v2\/media\/157776"}],"wp:attachment":[{"href":"https:\/\/www.europesays.com\/pt\/wp-json\/wp\/v2\/media?parent=157775"}],"wp:term":[{"taxonomy":"category","embeddable":true,"href":"https:\/\/www.europesays.com\/pt\/wp-json\/wp\/v2\/categories?post=157775"},{"taxonomy":"post_tag","embeddable":true,"href":"https:\/\/www.europesays.com\/pt\/wp-json\/wp\/v2\/tags?post=157775"}],"curies":[{"name":"wp","href":"https:\/\/api.w.org\/{rel}","templated":true}]}}