{"id":157777,"date":"2025-11-19T15:43:15","date_gmt":"2025-11-19T15:43:15","guid":{"rendered":"https:\/\/www.europesays.com\/pt\/157777\/"},"modified":"2025-11-19T15:43:15","modified_gmt":"2025-11-19T15:43:15","slug":"filme-mostra-que-fugir-nao-e-opcao-diz-jader-neto-que-estreia-na-cop30","status":"publish","type":"post","link":"https:\/\/www.europesays.com\/pt\/157777\/","title":{"rendered":"\u201cFilme mostra que fugir n\u00e3o \u00e9 op\u00e7\u00e3o\u201d, diz Jader Neto, que estreia na COP30"},"content":{"rendered":"<p>\t\t\t\u201cFilme mostra que fugir n\u00e3o \u00e9 op\u00e7\u00e3o\u201d, diz Jader Neto, que estreia na COP30\t\t<\/p>\n<p>\t\u201cFilme mostra que fugir n\u00e3o \u00e9 op\u00e7\u00e3o\u201d, diz Jader Neto, que estreia na COP30<\/p>\n","protected":false},"excerpt":{"rendered":"\u201cFilme mostra que fugir n\u00e3o \u00e9 op\u00e7\u00e3o\u201d, diz Jader Neto, que estreia na COP30 \u201cFilme mostra que fugir&hellip;\n","protected":false},"author":2,"featured_media":157778,"comment_status":"","ping_status":"","sticky":false,"template":"","format":"standard","meta":{"footnotes":""},"categories":[140],"tags":[114,115,147,148,146,32,33],"class_list":{"0":"post-157777","1":"post","2":"type-post","3":"status-publish","4":"format-standard","5":"has-post-thumbnail","7":"category-filmes","8":"tag-entertainment","9":"tag-entretenimento","10":"tag-film","11":"tag-filmes","12":"tag-movies","13":"tag-portugal","14":"tag-pt"},"share_on_mastodon":{"url":"https:\/\/pubeurope.com\/@pt\/115577133885928810","error":""},"_links":{"self":[{"href":"https:\/\/www.europesays.com\/pt\/wp-json\/wp\/v2\/posts\/157777","targetHints":{"allow":["GET"]}}],"collection":[{"href":"https:\/\/www.europesays.com\/pt\/wp-json\/wp\/v2\/posts"}],"about":[{"href":"https:\/\/www.europesays.com\/pt\/wp-json\/wp\/v2\/types\/post"}],"author":[{"embeddable":true,"href":"https:\/\/www.europesays.com\/pt\/wp-json\/wp\/v2\/users\/2"}],"replies":[{"embeddable":true,"href":"https:\/\/www.europesays.com\/pt\/wp-json\/wp\/v2\/comments?post=157777"}],"version-history":[{"count":0,"href":"https:\/\/www.europesays.com\/pt\/wp-json\/wp\/v2\/posts\/157777\/revisions"}],"wp:featuredmedia":[{"embeddable":true,"href":"https:\/\/www.europesays.com\/pt\/wp-json\/wp\/v2\/media\/157778"}],"wp:attachment":[{"href":"https:\/\/www.europesays.com\/pt\/wp-json\/wp\/v2\/media?parent=157777"}],"wp:term":[{"taxonomy":"category","embeddable":true,"href":"https:\/\/www.europesays.com\/pt\/wp-json\/wp\/v2\/categories?post=157777"},{"taxonomy":"post_tag","embeddable":true,"href":"https:\/\/www.europesays.com\/pt\/wp-json\/wp\/v2\/tags?post=157777"}],"curies":[{"name":"wp","href":"https:\/\/api.w.org\/{rel}","templated":true}]}}