{"id":157781,"date":"2025-11-19T15:49:17","date_gmt":"2025-11-19T15:49:17","guid":{"rendered":"https:\/\/www.europesays.com\/pt\/157781\/"},"modified":"2025-11-19T15:49:17","modified_gmt":"2025-11-19T15:49:17","slug":"kiev-ataca-alvos-russos-com-misseis-fornecidos-pelos-eua-observador","status":"publish","type":"post","link":"https:\/\/www.europesays.com\/pt\/157781\/","title":{"rendered":"Kiev ataca alvos russos com m\u00edsseis fornecidos pelos EUA \u2013 Observador"},"content":{"rendered":"<p>Acompanhe o <a href=\"https:\/\/observador.pt\/liveblogs\/ucrania-ataca-central-termoeletrica-em-donetsk\/\" rel=\"nofollow noopener\" target=\"_blank\">nosso liveblog sobre a guerra na Ucr\u00e2nia\u00a0<\/a><\/p>\n<p>A Ucr\u00e2nia utilizou com sucesso m\u00edsseis ATACMS de longo alcance dos EUA contra alvos militares em territ\u00f3rio russo, ap\u00f3s meses de um alegado veto do Departamento de Defesa norte-americano, revelou esta ter\u00e7a-feira o Estado-Maior ucraniano.<\/p>\n<p>\u201cAs For\u00e7as Armadas da Ucr\u00e2nia utilizaram com sucesso sistemas de m\u00edsseis t\u00e1ticos ATACMS para realizar um ataque de precis\u00e3o contra alvos militares em territ\u00f3rio russo\u201d, declarou o Estado-Maior na rede social Telegram.<\/p>\n<p>\u201c<strong>Este \u00e9 um acontecimento significativo que sublinha o compromisso inabal\u00e1vel da Ucr\u00e2nia com a sua soberania<\/strong>\u201c, acrescentou, sem revelar quando ocorreu o ataque ou qual o alvo atingido.<\/p>\n<p>O Estado-Maior ucraniano afirmou que \u201ca utiliza\u00e7\u00e3o de capacidades de ataque de longo alcance, incluindo sistemas como o ATACMS, vai continuar\u201d.<\/p>\n<p>Este \u00e9 o primeiro ataque com ATACMS confirmado pelo Estado-Maior ucraniano, embora o Minist\u00e9rio da Defesa russo tenha noticiado, a 19 de novembro de 2024, que a Ucr\u00e2nia tinha utilizado estes m\u00edsseis pela primeira vez em territ\u00f3rio russo nesse dia, especificamente contra um arsenal russo na regi\u00e3o fronteiri\u00e7a de Bryansk.<\/p>\n<p>A informa\u00e7\u00e3o do Estado-Maior ucraniano \u00e9 a primeira a surgir desde que o The Wall Street Journal noticiou, no final de agosto, que o Pent\u00e1gono tinha impedido Kiev de atacar a R\u00fassia com m\u00edsseis ATACMS desde a primavera anterior, de forma a aproximar as rela\u00e7\u00f5es com Moscovo de um cessar-fogo.<\/p>\n<p>Contudo, quase simultaneamente, o Presidente dos EUA, Donald Trump, criticou o seu antecessor, Joe Biden, por n\u00e3o fornecer \u00e0 Ucr\u00e2nia os recursos necess\u00e1rios para responder \u00e0 invas\u00e3o russa com ataques em territ\u00f3rio russo.<\/p>\n<p>Argumentando que isso agravaria o conflito, o Governo de Biden recusou, durante quase tr\u00eas anos, autorizar a venda a Kiev de sistemas de longo alcance que lhe permitiriam atacar alvos em territ\u00f3rio russo. No entanto, no final de 2024, mudou de posi\u00e7\u00e3o, <a href=\"https:\/\/observador.pt\/liveblogs\/kremlin-dispensa-comandante-por-ter-mentido-sobre-progressos-no-terreno\/\" rel=\"nofollow noopener\" target=\"_blank\">autorizando a entrega de m\u00edsseis ATACMS \u00e0 Ucr\u00e2nia.<\/a><\/p>\n<p>Em setembro, o Wall Street Journal noticiou que Trump tinha dito ao Presidente ucraniano, Volodymyr Zelensky, \u00e0 margem da Assembleia Geral da ONU, que estava preparado para levantar as restri\u00e7\u00f5es \u00e0 utiliza\u00e7\u00e3o de m\u00edsseis de longo alcance para atacar a R\u00fassia.<\/p>\n<p>No entanto, <a href=\"https:\/\/observador.pt\/liveblogs\/trump-recusa-entregar-tomahawk-a-ucrania-por-enquanto-diz-imprensa-americana-zelensky-diz-que-putin-tem-medo-desses-misseis\/\" rel=\"nofollow noopener\" target=\"_blank\">ainda n\u00e3o autorizou a entrega de m\u00edsseis Tomahawk de longo alcance \u00e0 Ucr\u00e2nia<\/a>, que Zelensky tem vindo a solicitar insistentemente nos \u00faltimos meses, quer a Washington, quer aos pa\u00edses europeus aliados.<\/p>\n<p>Estes m\u00edsseis podem atingir alvos at\u00e9 2.500 quil\u00f3metros de dist\u00e2ncia e seriam as armas de maior alcance transferidas para Kiev, que j\u00e1 recebeu m\u00edsseis Storm Shadow brit\u00e2nicos, m\u00edsseis ATACMS norte-americanos e m\u00edsseis SCALP franceses para se defender da R\u00fassia.<\/p>\n<p>A R\u00fassia invadiu massivamente a Ucr\u00e2nia em 24 de fevereiro de 2022, numa guerra que come\u00e7ou em 2014 com a invas\u00e3o e anexa\u00e7\u00e3o da pen\u00ednsula ucraniana da Crimeia pelos russos.<\/p>\n","protected":false},"excerpt":{"rendered":"Acompanhe o nosso liveblog sobre a guerra na Ucr\u00e2nia\u00a0 A Ucr\u00e2nia utilizou com sucesso m\u00edsseis ATACMS de longo&hellip;\n","protected":false},"author":2,"featured_media":157782,"comment_status":"","ping_status":"","sticky":false,"template":"","format":"standard","meta":{"footnotes":""},"categories":[50],"tags":[624,27,28,623,445,15,16,1123,14,25,26,21,22,62,12,13,19,20,23,24,3879,17,18,1124,29,30,31,63,64,65],"class_list":{"0":"post-157781","1":"post","2":"type-post","3":"status-publish","4":"format-standard","5":"has-post-thumbnail","7":"category-mundo","8":"tag-amu00e9rica","9":"tag-breaking-news","10":"tag-breakingnews","11":"tag-estados-unidos-da-amu00e9rica","12":"tag-europa","13":"tag-featured-news","14":"tag-featurednews","15":"tag-guerra-na-ucru00e2nia","16":"tag-headlines","17":"tag-latest-news","18":"tag-latestnews","19":"tag-main-news","20":"tag-mainnews","21":"tag-mundo","22":"tag-news","23":"tag-noticias","24":"tag-noticias-principais","25":"tag-noticiasprincipais","26":"tag-principais-noticias","27":"tag-principaisnoticias","28":"tag-ru00fassia","29":"tag-top-stories","30":"tag-topstories","31":"tag-ucru00e2nia","32":"tag-ultimas","33":"tag-ultimas-noticias","34":"tag-ultimasnoticias","35":"tag-world","36":"tag-world-news","37":"tag-worldnews"},"share_on_mastodon":{"url":"https:\/\/pubeurope.com\/@pt\/115577157344397290","error":""},"_links":{"self":[{"href":"https:\/\/www.europesays.com\/pt\/wp-json\/wp\/v2\/posts\/157781","targetHints":{"allow":["GET"]}}],"collection":[{"href":"https:\/\/www.europesays.com\/pt\/wp-json\/wp\/v2\/posts"}],"about":[{"href":"https:\/\/www.europesays.com\/pt\/wp-json\/wp\/v2\/types\/post"}],"author":[{"embeddable":true,"href":"https:\/\/www.europesays.com\/pt\/wp-json\/wp\/v2\/users\/2"}],"replies":[{"embeddable":true,"href":"https:\/\/www.europesays.com\/pt\/wp-json\/wp\/v2\/comments?post=157781"}],"version-history":[{"count":0,"href":"https:\/\/www.europesays.com\/pt\/wp-json\/wp\/v2\/posts\/157781\/revisions"}],"wp:featuredmedia":[{"embeddable":true,"href":"https:\/\/www.europesays.com\/pt\/wp-json\/wp\/v2\/media\/157782"}],"wp:attachment":[{"href":"https:\/\/www.europesays.com\/pt\/wp-json\/wp\/v2\/media?parent=157781"}],"wp:term":[{"taxonomy":"category","embeddable":true,"href":"https:\/\/www.europesays.com\/pt\/wp-json\/wp\/v2\/categories?post=157781"},{"taxonomy":"post_tag","embeddable":true,"href":"https:\/\/www.europesays.com\/pt\/wp-json\/wp\/v2\/tags?post=157781"}],"curies":[{"name":"wp","href":"https:\/\/api.w.org\/{rel}","templated":true}]}}