{"id":157787,"date":"2025-11-19T15:55:11","date_gmt":"2025-11-19T15:55:11","guid":{"rendered":"https:\/\/www.europesays.com\/pt\/157787\/"},"modified":"2025-11-19T15:55:11","modified_gmt":"2025-11-19T15:55:11","slug":"namoro-de-francisco-monteiro-e-barbara-parada-chegou-ao-fim-estes-dois-sinais-indicam-que-sim","status":"publish","type":"post","link":"https:\/\/www.europesays.com\/pt\/157787\/","title":{"rendered":"Namoro de Francisco Monteiro e B\u00e1rbara Parada chegou ao fim? Estes dois sinais indicam que sim!"},"content":{"rendered":"<p>Depois de meses de aparente tranquilidade, <a href=\"https:\/\/selfie.iol.pt\/famosos\/casa-dos-segredos\/um-dia-pelos-estudios-da-tvi-ja-ves-francisco-monteiro-revela-mensagens-de-ex-concorrente-do-big-brother\/20251101\/6905c7a8d34e3caad84ac8c6\" target=\"_blank\" rel=\"nofollow noopener\">Francisco Monteiro<\/a> e B\u00e1rbara Parada podem estar novamente separados.<\/p>\n<p>Nesta ter\u00e7a-feira, dia 18, internautas come\u00e7aram a questionar uma eventual crise na rela\u00e7\u00e3o na sequ\u00eancia de dois sinais. O primeiro prende-se com o facto de tanto Francisco Monteiro como B\u00e1rbara Parada terem feito desaparecer dos respetivos perfis de Instagram fotografias do casal. O segundo ind\u00edcio \u00e9 que os dois deixaram de se seguir na mesma rede social.<\/p>\n<p>Isso mesmo mantinha-se assim, at\u00e9 ao momento da publica\u00e7\u00e3o deste artigo.<\/p>\n<p>A SELFIE tentou obter uma rea\u00e7\u00e3o dos ex-concorrentes do reality show da <a href=\"https:\/\/tvi.iol.pt\/\" target=\"_blank\" rel=\"nofollow noopener\">TVI<\/a> &#8220;<a href=\"https:\/\/tvi.iol.pt\/bigbrother\/\" target=\"_blank\" rel=\"nofollow noopener\">Big Brother<\/a>&#8220;, sem sucesso at\u00e9 \u00e0 data.<\/p>\n<p>Veja, agora, nas galerias que prepar\u00e1mos para si, as melhores imagens de <a href=\"https:\/\/selfie.iol.pt\/famosos\/casa-dos-segredos\/francisco-monteiro-sofre-incidente-e-falha-programas-de-secret-story\/20251118\/691c8c94d34e3caad84b6abc\" target=\"_blank\" rel=\"nofollow noopener\">Francisco Monteiro<\/a> e B\u00e1rbara Parada.<\/p>\n","protected":false},"excerpt":{"rendered":"Depois de meses de aparente tranquilidade, Francisco Monteiro e B\u00e1rbara Parada podem estar novamente separados. Nesta ter\u00e7a-feira, dia&hellip;\n","protected":false},"author":2,"featured_media":157788,"comment_status":"","ping_status":"","sticky":false,"template":"","format":"standard","meta":{"footnotes":""},"categories":[142],"tags":[2151,48,114,115,980,2071,1015,619,32,33,1014,1012,6986,151,162,12181],"class_list":{"0":"post-157787","1":"post","2":"type-post","3":"status-publish","4":"format-standard","5":"has-post-thumbnail","7":"category-tv","8":"tag-barbara-parada","9":"tag-big-brother","10":"tag-entertainment","11":"tag-entretenimento","12":"tag-famosos","13":"tag-francisco-monteiro","14":"tag-instagram","15":"tag-nacional","16":"tag-portugal","17":"tag-pt","18":"tag-reality-show","19":"tag-selfie","20":"tag-ss","21":"tag-tv","22":"tag-tvi","23":"tag-zaza"},"share_on_mastodon":{"url":"https:\/\/pubeurope.com\/@pt\/115577180966947955","error":""},"_links":{"self":[{"href":"https:\/\/www.europesays.com\/pt\/wp-json\/wp\/v2\/posts\/157787","targetHints":{"allow":["GET"]}}],"collection":[{"href":"https:\/\/www.europesays.com\/pt\/wp-json\/wp\/v2\/posts"}],"about":[{"href":"https:\/\/www.europesays.com\/pt\/wp-json\/wp\/v2\/types\/post"}],"author":[{"embeddable":true,"href":"https:\/\/www.europesays.com\/pt\/wp-json\/wp\/v2\/users\/2"}],"replies":[{"embeddable":true,"href":"https:\/\/www.europesays.com\/pt\/wp-json\/wp\/v2\/comments?post=157787"}],"version-history":[{"count":0,"href":"https:\/\/www.europesays.com\/pt\/wp-json\/wp\/v2\/posts\/157787\/revisions"}],"wp:featuredmedia":[{"embeddable":true,"href":"https:\/\/www.europesays.com\/pt\/wp-json\/wp\/v2\/media\/157788"}],"wp:attachment":[{"href":"https:\/\/www.europesays.com\/pt\/wp-json\/wp\/v2\/media?parent=157787"}],"wp:term":[{"taxonomy":"category","embeddable":true,"href":"https:\/\/www.europesays.com\/pt\/wp-json\/wp\/v2\/categories?post=157787"},{"taxonomy":"post_tag","embeddable":true,"href":"https:\/\/www.europesays.com\/pt\/wp-json\/wp\/v2\/tags?post=157787"}],"curies":[{"name":"wp","href":"https:\/\/api.w.org\/{rel}","templated":true}]}}