{"id":157791,"date":"2025-11-19T15:57:34","date_gmt":"2025-11-19T15:57:34","guid":{"rendered":"https:\/\/www.europesays.com\/pt\/157791\/"},"modified":"2025-11-19T15:57:34","modified_gmt":"2025-11-19T15:57:34","slug":"estrela-de-quarteto-fantastico-sabe-exatamente-quem-foi-o-culpado-pelo-fracasso-do-filme","status":"publish","type":"post","link":"https:\/\/www.europesays.com\/pt\/157791\/","title":{"rendered":"Estrela de Quarteto Fant\u00e1stico sabe exatamente quem foi o culpado pelo fracasso do filme"},"content":{"rendered":"<p>\n                        Estrelado por Miles Teller, Kate Mara, Michael B. Jordan e Jamie Bell, o reboot de Quarteto Fant\u00e1stico lan\u00e7ado em 2015 foi um fracasso.\n                    <\/p>\n<ul class=\"article__header__author\">\n<li class=\"article__header__author__item\">\n                                                Por:<br \/>\n                                                                                    Bruno Botelho dos Santos \/ Adoro Cinema\n                                                                        <\/li>\n<\/ul>\n<p class=\"text\">Antes de <a href=\"https:\/\/www.adorocinema.com\/noticias\/filmes\/noticia-1000155533\/\" rel=\"nofollow noopener\" target=\"_blank\">Quarteto Fant\u00e1stico fazer parte do Universo Cinematogr\u00e1fico Marvel<\/a>, a 20th Century Fox lan\u00e7ou um reboot de <a href=\"https:\/\/www.adorocinema.com\/filmes\/filme-180999\/\" rel=\"nofollow noopener\" target=\"_blank\">Quarteto Fant\u00e1stico<\/a> em 2015 estrelado por <a href=\"https:\/\/www.adorocinema.com\/personalidades\/personalidade-471890\/\" rel=\"nofollow noopener\" target=\"_blank\">Miles Teller<\/a>, <a href=\"https:\/\/www.adorocinema.com\/personalidades\/personalidade-84397\/\" rel=\"nofollow noopener\" target=\"_blank\">Kate Mara<\/a>, <a href=\"https:\/\/www.adorocinema.com\/personalidades\/personalidade-120365\/\" rel=\"nofollow noopener\" target=\"_blank\">Michael B. Jordan<\/a> e <a href=\"https:\/\/www.adorocinema.com\/personalidades\/personalidade-38991\/\" rel=\"nofollow noopener\" target=\"_blank\">Jamie Bell<\/a>, mas foi um enorme fracasso.<\/p>\n<p><img loading=\"lazy\" decoding=\"async\" alt=\"\" class=\"img-676ff55154f5f06f90d4ea6c18e6ed4czlky1yfz\" height=\"435\" src=\"https:\/\/www.europesays.com\/pt\/wp-content\/uploads\/2025\/11\/290202671-9f43ec4643e375451ac726e0f540e439.jpg\"  title=\"20th Century Fox \/ Adoro Cinema\" width=\"774\"\/><\/p>\n<p>\nFoto: 20th Century Fox \/ Adoro Cinema\n<\/p>\n<p>O fracasso de Quarteto Fant\u00e1stico<\/p>\n<p class=\"text\">Dirigido por <a href=\"https:\/\/www.adorocinema.com\/personalidades\/personalidade-465875\/\" rel=\"nofollow noopener\" target=\"_blank\">Josh Trank<\/a>, Quarteto Fant\u00e1stico foi um fracasso de bilheteria, arrecadando apenas US$ 168 milh\u00f5es (com or\u00e7amento de 120 milh\u00f5es de d\u00f3lares), e tamb\u00e9m detonado pela cr\u00edtica na \u00e9poca, amargando 9% de avalia\u00e7\u00f5es positivas no Rotten Tomatoes. No AdoroCinema, <a href=\"https:\/\/www.adorocinema.com\/filmes\/filme-180999\/criticas\/espectadores\/\" rel=\"nofollow noopener\" target=\"_blank\">o filme tem p\u00e9ssima avalia\u00e7\u00e3o de 2,2\/5 estrelas dos usu\u00e1rios<\/a>.<\/p>\n<p class=\"text\">Quatro adolescentes s\u00e3o conhecidos pela intelig\u00eancia e pelas dificuldades de inser\u00e7\u00e3o social. Juntos, s\u00e3o enviados a uma miss\u00e3o perigosa em uma dimens\u00e3o alternativa. Quando os planos falham, eles retornam \u00e0 Terra com s\u00e9rias altera\u00e7\u00f5es corporais. Munidos desses poderes especiais, eles se tornam o Senhor Fant\u00e1stico (Miles Teller), a Mulher Invis\u00edvel (Kate Mara), o Tocha Humana (Michael B. Jordan) e o Coisa (Jamie Bell). O grupo se une para proteger a humanidade do ataque do Doutor Destino (<a href=\"https:\/\/www.adorocinema.com\/personalidades\/personalidade-101335\/\" rel=\"nofollow noopener\" target=\"_blank\">Toby Kebbell<\/a>).<\/p>\n<p>Para Miles Teller, existe um culpado pelo fracasso de Quarteto Fant\u00e1stico<\/p>\n<p><img alt=\"\" class=\"img-92a765aabbe180092bef1ebc34743546tv29re6r\" decoding=\"async\" height=\"435\" loading=\"lazy\" src=\"https:\/\/www.europesays.com\/pt\/wp-content\/uploads\/2025\/11\/1032944259-28fc8cf9cd9913d192bf9801c0250941.jpg\"  title=\"Adoro Cinema\" width=\"774\"\/><\/p>\n<p>\nFoto: Adoro Cinema\n<\/p>\n<p class=\"text\">&#8220;Quando vi o filme pela primeira vez, lembro-me de ter conversado com um dos chef\u00f5es do est\u00fadio e dito: &#8216;\u2026 <\/p>\n<p class=\"text\"><a href=\"https:\/\/www.adorocinema.com\/noticias\/filmes\/noticia-1000176069\/\" rel=\"nofollow noopener\" target=\"_blank\">Artigo original publicado em AdoroCinema<\/a><\/p>\n<p class=\"text\"><a href=\"https:\/\/www.adorocinema.com\/noticias\/filmes\/noticia-115195\/\" rel=\"nofollow noopener\" target=\"_blank\">\u00c9 briga! 20 filmes com tens\u00e3o nos bastidores<\/a><\/p>\n<p class=\"text\"><a href=\"https:\/\/www.adorocinema.com\/noticias\/filmes\/noticia-115212\/\" rel=\"nofollow noopener\" target=\"_blank\">Quarteto Fant\u00e1stico: Quais cenas ficaram de fora do corte final?<\/a><\/p>\n<p class=\"text\"><a href=\"https:\/\/www.adorocinema.com\/noticias\/filmes\/noticia-122095\/\" rel=\"nofollow noopener\" target=\"_blank\">Vil\u00e3o de Quarteto Fant\u00e1stico defende o diretor Josh Trank e lamenta que sua excelente vers\u00e3o nunca ser\u00e1 vista<\/a><\/p>\n<p class=\"text\"><a href=\"https:\/\/www.adorocinema.com\/noticias\/filmes\/noticia-158742\/\" rel=\"nofollow noopener\" target=\"_blank\">Marvel: Quais s\u00e3o os piores filmes do Universo Cinematogr\u00e1fico Marvel (at\u00e9 agora)?<\/a><\/p>\n","protected":false},"excerpt":{"rendered":"Estrelado por Miles Teller, Kate Mara, Michael B. Jordan e Jamie Bell, o reboot de Quarteto Fant\u00e1stico lan\u00e7ado&hellip;\n","protected":false},"author":2,"featured_media":157792,"comment_status":"","ping_status":"","sticky":false,"template":"","format":"standard","meta":{"footnotes":""},"categories":[140],"tags":[114,115,147,148,146,32,33],"class_list":{"0":"post-157791","1":"post","2":"type-post","3":"status-publish","4":"format-standard","5":"has-post-thumbnail","7":"category-filmes","8":"tag-entertainment","9":"tag-entretenimento","10":"tag-film","11":"tag-filmes","12":"tag-movies","13":"tag-portugal","14":"tag-pt"},"share_on_mastodon":{"url":"https:\/\/pubeurope.com\/@pt\/115577188975532590","error":""},"_links":{"self":[{"href":"https:\/\/www.europesays.com\/pt\/wp-json\/wp\/v2\/posts\/157791","targetHints":{"allow":["GET"]}}],"collection":[{"href":"https:\/\/www.europesays.com\/pt\/wp-json\/wp\/v2\/posts"}],"about":[{"href":"https:\/\/www.europesays.com\/pt\/wp-json\/wp\/v2\/types\/post"}],"author":[{"embeddable":true,"href":"https:\/\/www.europesays.com\/pt\/wp-json\/wp\/v2\/users\/2"}],"replies":[{"embeddable":true,"href":"https:\/\/www.europesays.com\/pt\/wp-json\/wp\/v2\/comments?post=157791"}],"version-history":[{"count":0,"href":"https:\/\/www.europesays.com\/pt\/wp-json\/wp\/v2\/posts\/157791\/revisions"}],"wp:featuredmedia":[{"embeddable":true,"href":"https:\/\/www.europesays.com\/pt\/wp-json\/wp\/v2\/media\/157792"}],"wp:attachment":[{"href":"https:\/\/www.europesays.com\/pt\/wp-json\/wp\/v2\/media?parent=157791"}],"wp:term":[{"taxonomy":"category","embeddable":true,"href":"https:\/\/www.europesays.com\/pt\/wp-json\/wp\/v2\/categories?post=157791"},{"taxonomy":"post_tag","embeddable":true,"href":"https:\/\/www.europesays.com\/pt\/wp-json\/wp\/v2\/tags?post=157791"}],"curies":[{"name":"wp","href":"https:\/\/api.w.org\/{rel}","templated":true}]}}