{"id":157795,"date":"2025-11-19T16:02:13","date_gmt":"2025-11-19T16:02:13","guid":{"rendered":"https:\/\/www.europesays.com\/pt\/157795\/"},"modified":"2025-11-19T16:02:13","modified_gmt":"2025-11-19T16:02:13","slug":"pj-e-europol-desmantelam-servico-de-transmissao-de-tv-pirata-sapo","status":"publish","type":"post","link":"https:\/\/www.europesays.com\/pt\/157795\/","title":{"rendered":"PJ e Europol desmantelam servi\u00e7o de transmiss\u00e3o de TV pirata &#8211; SAPO"},"content":{"rendered":"<ol>\n<li><a href=\"https:\/\/news.google.com\/rss\/articles\/CBMirAFBVV95cUxQSUJtTHk1Tkh2MUJraXVTaVB3Skk2TFRiNmYteXRVTzZwVG9oUmZMZUNIYVpaOFlsaENBNXYwTlBFN2luTHFlcjNEekNyTjhta3Y0YWRKOWN2Ni03VVFCMEZvOGtxc19kS0hsbkx0YnZva1J5SFJlMkkwOUIzaFVLbTk4ZnIybUNGS3BFX19jMnpFZS1PNUsxSnVfVDJYcEwzN1FwOFBEcXhHYmhE?oc=5\" target=\"_blank\" rel=\"nofollow noopener\">PJ e Europol desmantelam servi\u00e7o de transmiss\u00e3o de TV pirata<\/a>&nbsp;&nbsp;SAPO<\/li>\n<li><a href=\"https:\/\/news.google.com\/rss\/articles\/CBMiwgFBVV95cUxQcDVDXzFmMjZJQXRwUXlIY3VJZUh3dnNjc1RnSEtzNC0waFRMT2Q2VXBxLWhzNXdLTlR1QzhjcDdoaEV5eXdvNXpqSXpCVGFDRmlaZVlMeE5JRFk1WmhEbHRHT1RSNVFOQ1MtSEsxN2VWRW9OakFpYzlQRW1OUkdpWm03TkhDeGNzTWpienhmdTgwZGp1b0FqTGV4M2UxdVo4RHRVcFJuZ3RmMEZDVW5PMm1yZjd2V096YnpmV0ladURpdw?oc=5\" target=\"_blank\" rel=\"nofollow noopener\">PJ participa em opera\u00e7\u00e3o da Europol sobre explora\u00e7\u00e3o ilegal de canais televisivos<\/a>&nbsp;&nbsp;RTP<\/li>\n<li><a href=\"https:\/\/news.google.com\/rss\/articles\/CBMioAFBVV95cUxPcGQ0Zy1jbXRTcUVzUWRIcFFoTVFPNnU3MS1tY2NuX2NNcnVULVhoSkJNckZ5ZXNzZjJ5YndjYWRTUTkwMVlBZzVaM3hiSzBmNFJXZlF0V25LVnF3UkxzLWk2OHZSdnNJLVhPN0ZGeGRpVzRmSEFETk5nMllPMmpvYzV1VjJ2T1JfR3VDTV9SWGxQMjJ4dnNMbThGTUlTMGNY?oc=5\" target=\"_blank\" rel=\"nofollow noopener\">Atendimento ao Mun\u00edcipe j\u00e1 migrou para o novo F\u00f3rum<\/a>&nbsp;&nbsp;SAPO<\/li>\n<li><a href=\"https:\/\/news.google.com\/rss\/articles\/CBMitgFBVV95cUxQSEo3ckt5WjF5aUpHTl9YNG5lTjBPMGVWLVV4TWU1RlNha3daUEw1VEpkVE1RcEVoc1Bxa25qZUpHVlRmVmxVTS1lVlBoc2I3SjNKRGJNRXRxMndQWDlNdlRnaHVrZ0lBSXpZZjB3T1VyUnBwYzlWdVB0WWpiS21OTk9CM3lSNWREUVNObHBCWFpEZTJ0SDVhU1YxQUNIc1BvMXFONkJuTWllYTRYb3c3VlRtSFZIdw?oc=5\" target=\"_blank\" rel=\"nofollow noopener\">PJ rastreia 55 milh\u00f5es de d\u00f3lares em criptoativos numa opera\u00e7\u00e3o contra IPTV ilegal<\/a>&nbsp;&nbsp;averdade.com<\/li>\n<li><a href=\"https:\/\/news.google.com\/rss\/articles\/CBMiqgFBVV95cUxNUEt6dnBlcU1IOVg0amxQV09CTlZOOGUwNVJGMUZiUVNESkJoZ1ZibnJqamhMVnY3VTI4dG1jWW5mQ2lkdkZIMGxWaDBhRUJucUZFTXNTY01rMnhNVHQ1OXN5TXI5RlBtVzRfX3huclppUExBcXNiRHc5SFZac0JGZ3FuNk81U0Z0ZXA1aVR3TDN1YUNCTkZKM0dMeTJERUxaTkRLZjBBR1pZZw?oc=5\" target=\"_blank\" rel=\"nofollow noopener\">PJ participa em a\u00e7\u00e3o da EUROPOL contra crimes de propriedade intelectual<\/a>&nbsp;&nbsp;policiajudiciaria.pt<\/li>\n<\/ol>\n","protected":false},"excerpt":{"rendered":"PJ e Europol desmantelam servi\u00e7o de transmiss\u00e3o de TV pirata&nbsp;&nbsp;SAPO PJ participa em opera\u00e7\u00e3o da Europol sobre explora\u00e7\u00e3o&hellip;\n","protected":false},"author":2,"featured_media":116209,"comment_status":"","ping_status":"","sticky":false,"template":"","format":"standard","meta":{"footnotes":""},"categories":[83],"tags":[88,89,90,32,33],"class_list":{"0":"post-157795","1":"post","2":"type-post","3":"status-publish","4":"format-standard","5":"has-post-thumbnail","7":"category-empresas","8":"tag-business","9":"tag-economy","10":"tag-empresas","11":"tag-portugal","12":"tag-pt"},"share_on_mastodon":{"url":"https:\/\/pubeurope.com\/@pt\/115577208595752817","error":""},"_links":{"self":[{"href":"https:\/\/www.europesays.com\/pt\/wp-json\/wp\/v2\/posts\/157795","targetHints":{"allow":["GET"]}}],"collection":[{"href":"https:\/\/www.europesays.com\/pt\/wp-json\/wp\/v2\/posts"}],"about":[{"href":"https:\/\/www.europesays.com\/pt\/wp-json\/wp\/v2\/types\/post"}],"author":[{"embeddable":true,"href":"https:\/\/www.europesays.com\/pt\/wp-json\/wp\/v2\/users\/2"}],"replies":[{"embeddable":true,"href":"https:\/\/www.europesays.com\/pt\/wp-json\/wp\/v2\/comments?post=157795"}],"version-history":[{"count":0,"href":"https:\/\/www.europesays.com\/pt\/wp-json\/wp\/v2\/posts\/157795\/revisions"}],"wp:featuredmedia":[{"embeddable":true,"href":"https:\/\/www.europesays.com\/pt\/wp-json\/wp\/v2\/media\/116209"}],"wp:attachment":[{"href":"https:\/\/www.europesays.com\/pt\/wp-json\/wp\/v2\/media?parent=157795"}],"wp:term":[{"taxonomy":"category","embeddable":true,"href":"https:\/\/www.europesays.com\/pt\/wp-json\/wp\/v2\/categories?post=157795"},{"taxonomy":"post_tag","embeddable":true,"href":"https:\/\/www.europesays.com\/pt\/wp-json\/wp\/v2\/tags?post=157795"}],"curies":[{"name":"wp","href":"https:\/\/api.w.org\/{rel}","templated":true}]}}