{"id":157796,"date":"2025-11-19T16:03:09","date_gmt":"2025-11-19T16:03:09","guid":{"rendered":"https:\/\/www.europesays.com\/pt\/157796\/"},"modified":"2025-11-19T16:03:09","modified_gmt":"2025-11-19T16:03:09","slug":"florenca-proibe-esplanadas-em-50-ruas-italia","status":"publish","type":"post","link":"https:\/\/www.europesays.com\/pt\/157796\/","title":{"rendered":"Floren\u00e7a pro\u00edbe esplanadas em 50 ruas | It\u00e1lia"},"content":{"rendered":"<p>A partir de 2026, 50 ruas do centro hist\u00f3rico de Floren\u00e7a n\u00e3o poder\u00e3o ter esplanadas, enquanto em 73 ter\u00e3o de obedecer \u00e0s novas regras da C\u00e2mara Municipal. As lonas de pl\u00e1stico est\u00e3o proibidas e o uso de vegeta\u00e7\u00e3o \u00e9 incentivada. Tudo isto em prol da \u201cprotec\u00e7\u00e3o dos espa\u00e7os p\u00fablicos e do patrim\u00f3nio de Floren\u00e7a, maior equidade e simplifica\u00e7\u00e3o para as actividades econ\u00f3micas e uma cidade mais habit\u00e1vel para os residentes\u201d, como diz o conselheiro para o Desenvolvimento Econ\u00f3mico e Turismo, Jacopo Vicini, no comunicado do munic\u00edpio.<\/p>\n<p>A vers\u00e3o final do documento foi assinada pela Superintend\u00eancia de Arqueologia, Belas Artes e Paisagem da Cidade Metropolitana de <a href=\"https:\/\/www.publico.pt\/2025\/03\/15\/fugas\/noticia\/florenca-estilo-social-hub-palacio-sono-gigantismo-belfiore-2125494\" target=\"_blank\" rel=\"nofollow noopener\">Floren\u00e7a <\/a>e pela C\u00e2mara Municipal da cidade e ser\u00e1 aprovada em Assembleia desta \u00faltima nas pr\u00f3ximas semanas.<\/p>\n<p>O novo regulamento est\u00e1 a dividir opini\u00f5es: os habitantes acham que n\u00e3o \u00e9 suficiente, j\u00e1 os propriet\u00e1rios dos bares e restaurantes confessam estar preocupados devido \u00e0 possibilidade de perderem lugares, de acordo com o <a href=\"https:\/\/corrierefiorentino.corriere.it\/notizie\/cronaca\/25_novembre_13\/firenze-e-il-nuovo-piano-dehors-tra-i-dubbi-dei-residenti-e-i-vecchi-tavolini-vicini-non-previediamo-di-toglierli-a08ff647-d384-46d9-928b-839b8105bxlk.shtml?refresh_ce\" target=\"_blank\" rel=\"nofollow noopener\">Corriere <\/a><a href=\"https:\/\/corrierefiorentino.corriere.it\/notizie\/cronaca\/25_novembre_13\/firenze-e-il-nuovo-piano-dehors-tra-i-dubbi-dei-residenti-e-i-vecchi-tavolini-vicini-non-previediamo-di-toglierli-a08ff647-d384-46d9-928b-839b8105bxlk.shtml?refresh_ce\" target=\"_blank\" rel=\"nofollow noopener\">Fiorentino<\/a>, jornal local que pertence ao grupo do Corriere della Sera.<\/p>\n<p>As 50 ruas onde os espa\u00e7os exteriores s\u00e3o proibidos situam-se todas na \u00e1rea Patrim\u00f3nio Mundial pela UNESCO. De acordo com a <a href=\"https:\/\/www.ansa.it\/toscana\/notizie\/2025\/11\/11\/stop-ai-dehors-in-50-strade-dellarea-unesco-di-firenze_5b60629e-7af2-4d0d-aa17-c9dcd4b1263f.html\" target=\"_blank\" rel=\"nofollow noopener\">ANSA<\/a>, o Borgo Santa Croce, a Piazzale degli Uffizi, a Piazza di Santa Maria Nuova, a Ponte Vecchio, a Via Maggio e a Via Roma s\u00e3o algumas das que n\u00e3o poder\u00e3o ter mesas e cadeiras.<\/p>\n<p>                &#13;<br \/>\n                    &#13;<br \/>\n                    &#13;<br \/>\n                        A hist\u00f3rica Ponte Vecchio n\u00e3o poder\u00e1 ter esplanadas e cadeiras&#13;<br \/>\n&#13;<br \/>\nREUTERS\/Alessandro Garofalo                    &#13;<\/p>\n<p>As tipologias de esplanadas definidas para as 73 ruas v\u00e3o da categoria A \u00e0 D. A primeira s\u00f3 permite mesas e cadeiras sem plataformas e, no m\u00e1ximo, poder\u00e1 ter pequenos chap\u00e9us-de-sol. J\u00e1 a categoria seguinte, divide-se em duas: a B deixa a instala\u00e7\u00e3o de uma plataforma e de uma protec\u00e7\u00e3o em tr\u00eas lados e chap\u00e9us-de-sol, salvo nas \u00e1reas onde h\u00e1 vista para os principais monumentos ou sinal\u00e9tica rodovi\u00e1ria. A B.1 permite pain\u00e9is adicionais de vidro ou acr\u00edlico durante os meses de Inverno. A categoria C autoriza uma plataforma, estrutura em tr\u00eas lados e cobertura fixa ou amov\u00edvel. Por fim, a D, inclui uma estrutura fechada em todos os lados e uma cobertura fixa ou amov\u00edvel.<\/p>\n<p>N\u00e3o \u00e0 publicidade<\/p>\n<p>No comunicado j\u00e1 mencionado, l\u00ea-se que em quatro das principais pra\u00e7as \u2013 Signoria, Repubblica, Santa Maria Novella e Pitti \u2013 \u201cas partes definir\u00e3o conjuntamente os poss\u00edveis tipos de ocupa\u00e7\u00e3o de terrenos p\u00fablicos&#8221;. No caso da Piazza della Repubblica, &#8220;os lugares ao ar livre devem obedecer a crit\u00e9rios de simetria e homogeneidade e garantir um espa\u00e7o central adequado em ambos os lados ocupados da pra\u00e7a&#8221;.<\/p>\n<p>                &#13;<br \/>\n                    &#13;<br \/>\n                    &#13;<br \/>\n                        O centro hist\u00f3rico de Floren\u00e7a \u00e9 um dos epicentros do turismo em It\u00e1lia&#13;<br \/>\n REUTERS\/Alessandro Garofalo                    &#13;<\/p>\n<p>O protocolo pro\u00edbe ainda lonas e toldos de pl\u00e1stico e publicidade. O que \u00e9 incentivado \u00e9 a utiliza\u00e7\u00e3o de vegeta\u00e7\u00e3o, sejam plantas ou flores que estejam de acordo com a esta\u00e7\u00e3o do ano e que devem ser cuidadosamente cuidadas e mantidas. As luzes n\u00e3o devem ser coloridas e os guarda-s\u00f3is, as estruturas, os porta-menus e os balc\u00f5es de atendimento devem ser uniformizados.<\/p>\n<p>Este \u00e9, segundo Jacopo Vicini, um acordo que resulta \u201cde um trabalho aprofundado e de discuss\u00f5es consistentemente frut\u00edferas que temos mantido h\u00e1 meses com a Superintend\u00eancia, al\u00e9m de ouvir as necessidades de quem vive em Floren\u00e7a, de quem aqui trabalha e contribui para a manter viva\u201d. Antonella Ranaldi, a respons\u00e1vel pela Superintend\u00eancia de Arqueologia, Belas Artes e Paisagem da Cidade Metropolitana de Floren\u00e7a, acrescenta que &#8220;o novo protocolo segue em grande parte o anterior e tem em conta a experi\u00eancia dos \u00faltimos anos p\u00f3s-Covid com novas pr\u00e1ticas que favorecem a revitaliza\u00e7\u00e3o de pra\u00e7as e ruas. S\u00e3o introduzidas simplifica\u00e7\u00f5es e projectos especiais para determinadas pra\u00e7as. Em suma, foi encontrado um bom equil\u00edbrio&#8221;,<\/p>\n<p>Em declara\u00e7\u00f5es \u00e0 Lady Radio, Jacopo Vicini explicou que, &#8220;em princ\u00edpio, os estabelecimentos comerciais com espa\u00e7o exterior continuar\u00e3o a t\u00ea-lo, pelo que os neg\u00f3cios existentes n\u00e3o ser\u00e3o afectados, excepto em alguns casos, como as livrarias com mesas ao ar livre. N\u00e3o planeamos remover as mesas ao ar livre, mas sim melhor\u00e1-las, torn\u00e1-las mais bonitas e mais condizentes com o contexto em que est\u00e3o instaladas, removendo o pl\u00e1stico e promovendo elementos decorativos&#8221;. N\u00e3o ser\u00e3o aceites novos pedidos de licen\u00e7as at\u00e9 \u00e0 entrada em vigor do novo regulamento.<\/p>\n","protected":false},"excerpt":{"rendered":"A partir de 2026, 50 ruas do centro hist\u00f3rico de Floren\u00e7a n\u00e3o poder\u00e3o ter esplanadas, enquanto em 73&hellip;\n","protected":false},"author":2,"featured_media":157797,"comment_status":"","ping_status":"","sticky":false,"template":"","format":"standard","meta":{"footnotes":""},"categories":[50],"tags":[27,28,15,16,33797,287,14,233,25,26,21,22,62,12,13,19,20,23,24,17,18,1456,29,30,31,5391,2883,63,64,65],"class_list":{"0":"post-157796","1":"post","2":"type-post","3":"status-publish","4":"format-standard","5":"has-post-thumbnail","7":"category-mundo","8":"tag-breaking-news","9":"tag-breakingnews","10":"tag-featured-news","11":"tag-featurednews","12":"tag-florenca","13":"tag-fugas","14":"tag-headlines","15":"tag-italia","16":"tag-latest-news","17":"tag-latestnews","18":"tag-main-news","19":"tag-mainnews","20":"tag-mundo","21":"tag-news","22":"tag-noticias","23":"tag-noticias-principais","24":"tag-noticiasprincipais","25":"tag-principais-noticias","26":"tag-principaisnoticias","27":"tag-top-stories","28":"tag-topstories","29":"tag-turismo","30":"tag-ultimas","31":"tag-ultimas-noticias","32":"tag-ultimasnoticias","33":"tag-unesco","34":"tag-urbanismo","35":"tag-world","36":"tag-world-news","37":"tag-worldnews"},"share_on_mastodon":{"url":"https:\/\/pubeurope.com\/@pt\/115577212421088551","error":""},"_links":{"self":[{"href":"https:\/\/www.europesays.com\/pt\/wp-json\/wp\/v2\/posts\/157796","targetHints":{"allow":["GET"]}}],"collection":[{"href":"https:\/\/www.europesays.com\/pt\/wp-json\/wp\/v2\/posts"}],"about":[{"href":"https:\/\/www.europesays.com\/pt\/wp-json\/wp\/v2\/types\/post"}],"author":[{"embeddable":true,"href":"https:\/\/www.europesays.com\/pt\/wp-json\/wp\/v2\/users\/2"}],"replies":[{"embeddable":true,"href":"https:\/\/www.europesays.com\/pt\/wp-json\/wp\/v2\/comments?post=157796"}],"version-history":[{"count":0,"href":"https:\/\/www.europesays.com\/pt\/wp-json\/wp\/v2\/posts\/157796\/revisions"}],"wp:featuredmedia":[{"embeddable":true,"href":"https:\/\/www.europesays.com\/pt\/wp-json\/wp\/v2\/media\/157797"}],"wp:attachment":[{"href":"https:\/\/www.europesays.com\/pt\/wp-json\/wp\/v2\/media?parent=157796"}],"wp:term":[{"taxonomy":"category","embeddable":true,"href":"https:\/\/www.europesays.com\/pt\/wp-json\/wp\/v2\/categories?post=157796"},{"taxonomy":"post_tag","embeddable":true,"href":"https:\/\/www.europesays.com\/pt\/wp-json\/wp\/v2\/tags?post=157796"}],"curies":[{"name":"wp","href":"https:\/\/api.w.org\/{rel}","templated":true}]}}