{"id":157798,"date":"2025-11-19T16:04:08","date_gmt":"2025-11-19T16:04:08","guid":{"rendered":"https:\/\/www.europesays.com\/pt\/157798\/"},"modified":"2025-11-19T16:04:08","modified_gmt":"2025-11-19T16:04:08","slug":"sondagem-ad-chega-aos-385-ps-fica-bem-a-frente-do-chega-e-bloco-atras-do-pan","status":"publish","type":"post","link":"https:\/\/www.europesays.com\/pt\/157798\/","title":{"rendered":"Sondagem. AD chega aos 38,5%, PS fica bem \u00e0 frente do Chega e Bloco atr\u00e1s do PAN"},"content":{"rendered":"<p>\t                Na nota t\u00e9cnica da sondagem \u00e9 salientado que &#8220;o Chega, em elei\u00e7\u00f5es legislativas, costuma apresentar crescimentos mais significativos nas duas semanas antes das elei\u00e7\u00f5es, conquistando muitos dos indecisos&#8221;<\/p>\n<p>Caso as elei\u00e7\u00f5es legislativas fossem agora, a\u00a0candidatura da Alian\u00e7a Democr\u00e1tica (AD), liderada por Lu\u00eds Montenegro, venceria. A AD mant\u00e9m-se \u00e0 frente nas inten\u00e7\u00f5es de voto, recolhendo 38,5% dos votos, considerando a distribui\u00e7\u00e3o de indecisos. Um resultado que resulta de um intervalo que varia entre 35,4% e 41,6% das inten\u00e7\u00f5es de voto.\u00a0J\u00e1 o Partido Socialista (PS), com Jos\u00e9 Lu\u00eds Carneiro na lideran\u00e7a, e tamb\u00e9m considerando que h\u00e1 distribui\u00e7\u00e3o de indecisos, surge em segundo lugar, com um resultado de 26,4%, que resulta de um intervalo entre\u00a023,6% e 29,2% das inten\u00e7\u00f5es de voto.<\/p>\n<p>O Chega, liderado por Andr\u00e9 Ventura, regista uma inten\u00e7\u00e3o de voto de 16,7%, que resulta de um intervalo entre 14,3% e 19,1%. J\u00e1 o Livre, com Rui Tavares, teria um resultado de 5,7%, a Iniciativa Liberal teria 5,3% das inten\u00e7\u00f5es de voto, a CDU teria 2,4%, o PAN, 0,9% e, por fim, o Bloco de Esquerda, com 0,7% das inten\u00e7\u00f5es de voto.<\/p>\n<p>Comparando com as legislativas, a coliga\u00e7\u00e3o liderada por Lu\u00eds Montenegro apresenta um crescimento significativo face ao resultado alcan\u00e7ado em maio, quando venceu com uma vota\u00e7\u00e3o ligeiramente inferior a 32%.\u00a0Jos\u00e9 Lu\u00eds Carneiro sobe face aos 22,8% alcan\u00e7ados e o Chega regista uma queda em rela\u00e7\u00e3o aos quase 23% obtidos.\u00a0No entanto, a nota t\u00e9cnica da sondagem refere que &#8220;o Chega, em elei\u00e7\u00f5es legislativas, costuma apresentar crescimentos mais significativos nas duas semanas antes das elei\u00e7\u00f5es, conquistando muitos dos indecisos&#8221;. &#8220;Contudo, no m\u00eas passado o Chega tinha 20,2% das inten\u00e7\u00f5es de voto contra os 16,7% deste m\u00eas&#8221;.<\/p>\n<p>A dist\u00e2ncia entre AD e PS aumentou face a outubro, com a AD a consolidar a lideran\u00e7a, enquanto o Chega \u00e9 o partido que mais recua. Os indecisos tamb\u00e9m registam uma subida de 1,4 pontos.<\/p>\n<p>A an\u00e1lise por segmentos sociais mostra que Lu\u00eds Montenegro destaca-se junto das classes sociais mais altas (A\/B e C1), enquanto Jos\u00e9 Lu\u00eds Carneiro apresenta ligeira vantagem nas classes sociais mais baixas (C2\/D) e entre eleitores com 65 anos ou mais. AD e PS continuam a segurar a grande maioria dos eleitores das legislativas, ao passo que o Chega perde terreno sobretudo para os indecisos.<\/p>\n<p>Ficha t\u00e9cnica <\/p>\n<p>Sondagem realizada pela Pitag\u00f3rica para a TVI e CNN Portugal com o objetivo de avaliar a opini\u00e3o dos portugueses sobre temas relacionados com as elei\u00e7\u00f5es presidenciais de 2026. O trabalho de campo decorreu entre os dias 05 e 14 de novembro de 2025.<\/p>\n<p>A amostra foi recolhida de forma aleat\u00f3ria junto de eleitores recenseados em Portugal e foi devidamente estratificada por g\u00e9nero, idade e regi\u00e3o. Foram realizadas 1906 tentativas de contacto, para alcan\u00e7armos 1000 entrevistas efetivas, pelo que a taxa de resposta foi de 52,47%. As 1000 entrevistas telef\u00f3nicas recolhidas correspondem a uma margem de erro m\u00e1xima de +\/- 3,16% para um n\u00edvel de confian\u00e7a de 95,5%.<\/p>\n<p>A distribui\u00e7\u00e3o de indecisos \u00e9 feita de forma proporcional.<\/p>\n<p>A dire\u00e7\u00e3o t\u00e9cnica do estudo \u00e9 da responsabilidade de Rita Marques da Silva. A ficha t\u00e9cnica completa, bem como todos os resultados, foram depositados junto da ERC &#8211; Entidade Reguladora da Comunica\u00e7\u00e3o Social, que os disponibilizar\u00e1 para consulta online.<\/p>\n","protected":false},"excerpt":{"rendered":"Na nota t\u00e9cnica da sondagem \u00e9 salientado que &#8220;o Chega, em elei\u00e7\u00f5es legislativas, costuma apresentar crescimentos mais significativos&hellip;\n","protected":false},"author":2,"featured_media":157799,"comment_status":"","ping_status":"","sticky":false,"template":"","format":"standard","meta":{"footnotes":""},"categories":[10],"tags":[609,836,611,27,28,607,608,333,832,604,135,610,476,2258,15,16,301,830,14,33798,603,25,26,21913,570,1447,21,22,831,833,62,834,12,13,19,20,835,602,52,32,23,24,33,17,18,29,30,31],"class_list":{"0":"post-157798","1":"post","2":"type-post","3":"status-publish","4":"format-standard","5":"has-post-thumbnail","7":"category-portugal","8":"tag-alerta","9":"tag-analise","10":"tag-ao-minuto","11":"tag-breaking-news","12":"tag-breakingnews","13":"tag-cnn","14":"tag-cnn-portugal","15":"tag-comentadores","16":"tag-costa","17":"tag-crime","18":"tag-desporto","19":"tag-direto","20":"tag-economia","21":"tag-eleicoes","22":"tag-featured-news","23":"tag-featurednews","24":"tag-governo","25":"tag-guerra","26":"tag-headlines","27":"tag-intencao","28":"tag-justica","29":"tag-latest-news","30":"tag-latestnews","31":"tag-legislativas","32":"tag-live","33":"tag-luis-montenegro","34":"tag-main-news","35":"tag-mainnews","36":"tag-mais-vistas","37":"tag-marcelo","38":"tag-mundo","39":"tag-negocios","40":"tag-news","41":"tag-noticias","42":"tag-noticias-principais","43":"tag-noticiasprincipais","44":"tag-opiniao","45":"tag-pais","46":"tag-politica","47":"tag-portugal","48":"tag-principais-noticias","49":"tag-principaisnoticias","50":"tag-pt","51":"tag-top-stories","52":"tag-topstories","53":"tag-ultimas","54":"tag-ultimas-noticias","55":"tag-ultimasnoticias"},"share_on_mastodon":{"url":"","error":"Validation failed: Text character limit of 500 exceeded"},"_links":{"self":[{"href":"https:\/\/www.europesays.com\/pt\/wp-json\/wp\/v2\/posts\/157798","targetHints":{"allow":["GET"]}}],"collection":[{"href":"https:\/\/www.europesays.com\/pt\/wp-json\/wp\/v2\/posts"}],"about":[{"href":"https:\/\/www.europesays.com\/pt\/wp-json\/wp\/v2\/types\/post"}],"author":[{"embeddable":true,"href":"https:\/\/www.europesays.com\/pt\/wp-json\/wp\/v2\/users\/2"}],"replies":[{"embeddable":true,"href":"https:\/\/www.europesays.com\/pt\/wp-json\/wp\/v2\/comments?post=157798"}],"version-history":[{"count":0,"href":"https:\/\/www.europesays.com\/pt\/wp-json\/wp\/v2\/posts\/157798\/revisions"}],"wp:featuredmedia":[{"embeddable":true,"href":"https:\/\/www.europesays.com\/pt\/wp-json\/wp\/v2\/media\/157799"}],"wp:attachment":[{"href":"https:\/\/www.europesays.com\/pt\/wp-json\/wp\/v2\/media?parent=157798"}],"wp:term":[{"taxonomy":"category","embeddable":true,"href":"https:\/\/www.europesays.com\/pt\/wp-json\/wp\/v2\/categories?post=157798"},{"taxonomy":"post_tag","embeddable":true,"href":"https:\/\/www.europesays.com\/pt\/wp-json\/wp\/v2\/tags?post=157798"}],"curies":[{"name":"wp","href":"https:\/\/api.w.org\/{rel}","templated":true}]}}