{"id":157800,"date":"2025-11-19T16:05:17","date_gmt":"2025-11-19T16:05:17","guid":{"rendered":"https:\/\/www.europesays.com\/pt\/157800\/"},"modified":"2025-11-19T16:05:17","modified_gmt":"2025-11-19T16:05:17","slug":"tres-alunos-feridos-por-rebentamento-de-petardos-em-escola-de-lisboa","status":"publish","type":"post","link":"https:\/\/www.europesays.com\/pt\/157800\/","title":{"rendered":"Tr\u00eas alunos feridos por rebentamento de petardos em escola de Lisboa"},"content":{"rendered":"<p>&#13;<br \/>\nFonte do Comando Metropolitano de Lisboa (Cometlis) da Pol\u00edcia de Seguran\u00e7a P\u00fablica (PSP) disse \u00e0 Lusa que os dois alunos suspeitos de terem lan\u00e7ado os petardos foram identificados.&#13;\n<\/p>\n<p>&#13;<br \/>\nA mesma fonte explicou que o alerta para o rebentamento de petardos na escola foi dado cerca das 13:00, tendo a pol\u00edcia acorrido ao local.&#13;\n<\/p>\n<p>&#13;<br \/>\nTr\u00eas alunos ficaram feridos, um num bra\u00e7o, outro nos ouvidos e o terceiro na cabe\u00e7a, n\u00e3o adiantando a fonte a gravidade dos ferimentos, dado que n\u00e3o foram chamados meios de socorro ao local, tendo aqueles estudantes sido transportados pelos pais, desconhecendo se ter\u00e3o ido ou n\u00e3o ao hospital.&#13;\n<\/p>\n<p>&#13;<br \/>\nOs alunos suspeitos de terem lan\u00e7ado os petardos t\u00eam 15 e 17 anos, acrescentou.&#13;<\/p>\n","protected":false},"excerpt":{"rendered":"&#13; Fonte do Comando Metropolitano de Lisboa (Cometlis) da Pol\u00edcia de Seguran\u00e7a P\u00fablica (PSP) disse \u00e0 Lusa que&hellip;\n","protected":false},"author":2,"featured_media":157801,"comment_status":"","ping_status":"","sticky":false,"template":"","format":"standard","meta":{"footnotes":""},"categories":[8],"tags":[27,28,15,16,14,33799,25,26,21,22,12,13,19,20,32,23,24,33,17,18,29,30,31],"class_list":{"0":"post-157800","1":"post","2":"type-post","3":"status-publish","4":"format-standard","5":"has-post-thumbnail","7":"category-principais-noticias","8":"tag-breaking-news","9":"tag-breakingnews","10":"tag-featured-news","11":"tag-featurednews","12":"tag-headlines","13":"tag-josefa","14":"tag-latest-news","15":"tag-latestnews","16":"tag-main-news","17":"tag-mainnews","18":"tag-news","19":"tag-noticias","20":"tag-noticias-principais","21":"tag-noticiasprincipais","22":"tag-portugal","23":"tag-principais-noticias","24":"tag-principaisnoticias","25":"tag-pt","26":"tag-top-stories","27":"tag-topstories","28":"tag-ultimas","29":"tag-ultimas-noticias","30":"tag-ultimasnoticias"},"share_on_mastodon":{"url":"https:\/\/pubeurope.com\/@pt\/115577220344796369","error":""},"_links":{"self":[{"href":"https:\/\/www.europesays.com\/pt\/wp-json\/wp\/v2\/posts\/157800","targetHints":{"allow":["GET"]}}],"collection":[{"href":"https:\/\/www.europesays.com\/pt\/wp-json\/wp\/v2\/posts"}],"about":[{"href":"https:\/\/www.europesays.com\/pt\/wp-json\/wp\/v2\/types\/post"}],"author":[{"embeddable":true,"href":"https:\/\/www.europesays.com\/pt\/wp-json\/wp\/v2\/users\/2"}],"replies":[{"embeddable":true,"href":"https:\/\/www.europesays.com\/pt\/wp-json\/wp\/v2\/comments?post=157800"}],"version-history":[{"count":0,"href":"https:\/\/www.europesays.com\/pt\/wp-json\/wp\/v2\/posts\/157800\/revisions"}],"wp:featuredmedia":[{"embeddable":true,"href":"https:\/\/www.europesays.com\/pt\/wp-json\/wp\/v2\/media\/157801"}],"wp:attachment":[{"href":"https:\/\/www.europesays.com\/pt\/wp-json\/wp\/v2\/media?parent=157800"}],"wp:term":[{"taxonomy":"category","embeddable":true,"href":"https:\/\/www.europesays.com\/pt\/wp-json\/wp\/v2\/categories?post=157800"},{"taxonomy":"post_tag","embeddable":true,"href":"https:\/\/www.europesays.com\/pt\/wp-json\/wp\/v2\/tags?post=157800"}],"curies":[{"name":"wp","href":"https:\/\/api.w.org\/{rel}","templated":true}]}}