{"id":157806,"date":"2025-11-19T16:10:32","date_gmt":"2025-11-19T16:10:32","guid":{"rendered":"https:\/\/www.europesays.com\/pt\/157806\/"},"modified":"2025-11-19T16:10:32","modified_gmt":"2025-11-19T16:10:32","slug":"horoscopo-do-dia-previsao-para-os-12-signos-em-19-11-2025","status":"publish","type":"post","link":"https:\/\/www.europesays.com\/pt\/157806\/","title":{"rendered":"Hor\u00f3scopo do dia: previs\u00e3o para os 12 signos em 19\/11\/2025"},"content":{"rendered":"<p>                    As energias desta quarta-feira trar\u00e3o oportunidades de renova\u00e7\u00e3o, mas tamb\u00e9m exigir\u00e3o cautela com as rea\u00e7\u00f5es impulsivas <img decoding=\"async\" src=\"https:\/\/www.europesays.com\/pt\/wp-content\/uploads\/2025\/11\/horoscopo-do-dia-previsao-para-os-12-signos-em-19-11-2025.jpg\" class=\"img-responsive type:primaryImage\" alt=\"As energias desta quarta-feira trar\u00e3o oportunidades de renova\u00e7\u00e3o, mas tamb\u00e9m exigir\u00e3o cautela com as rea\u00e7\u00f5es impulsivas \"\/>Imagem: paseven | Shutterstock<\/p>\n<p>Nesta quarta-feira, os movimentos astrol\u00f3gicos poder\u00e3o influenciar as emo\u00e7\u00f5es dos nativos, criando um cen\u00e1rio que trar\u00e1 oportunidades de renova\u00e7\u00e3o, mas que tamb\u00e9m exigir\u00e1 aten\u00e7\u00e3o \u00e0s rea\u00e7\u00f5es impulsivas e aos v\u00ednculos que sustentam a vida afetiva, profissional e pessoal. Confira, a seguir, as previs\u00f5es do hor\u00f3scopo para o seu signo e descubra como aproveitar as energias do dia da melhor forma poss\u00edvel.<\/p>\n<p><strong>\u00c1ries<\/strong><br \/>\nAs emo\u00e7\u00f5es dos nativos de \u00c1ries poder\u00e3o ficar mais intensas, sobretudo nas rela\u00e7\u00f5es e nas finan\u00e7as <img decoding=\"async\" src=\"https:\/\/www.europesays.com\/pt\/wp-content\/uploads\/2025\/11\/1763568624_587_aries-3-1024x683.jpg\" class=\"img-responsive type:primaryImage\"\/>Imagem: Depiano | Shutterstock<\/p>\n<p>Nesta quarta-feira, suas emo\u00e7\u00f5es poder\u00e3o ficar mais intensas, especialmente nos relacionamentos e nas quest\u00f5es financeiras. Ser\u00e1 um dia prop\u00edcio para se conectar aos seus desejos mais sinceros e fortalecer v\u00ednculos importantes; entretanto, tenha cuidado com os impulsos. Al\u00e9m disso, transforma\u00e7\u00f5es poder\u00e3o renovar a maneira como voc\u00ea se relaciona e valoriza seus recursos.<\/p>\n<p><strong>Touro<\/strong><br \/>\nSer\u00e1 um dia importante para os nativos de Touro expressarem os sentimentos e negociarem os acordos com sensibilidade <img decoding=\"async\" src=\"https:\/\/www.europesays.com\/pt\/wp-content\/uploads\/2025\/11\/touro-3-1024x683.jpg\" class=\"img-responsive type:primaryImage\"\/>Imagem: Depiano | Shutterstock<\/p>\n<p>A intensidade emocional nos relacionamentos poder\u00e1 estar presente, favorecendo aproxima\u00e7\u00f5es sinceras e o fortalecimento de v\u00ednculos afetivos ou <strong>profissionais<\/strong>. Nesse cen\u00e1rio, conversas sinceras trar\u00e3o entendimento m\u00fatuo. Ser\u00e1 um dia importante para expressar os sentimentos e negociar acordos com sensibilidade.<\/p>\n<p><strong>G\u00eameos<\/strong><br \/>\nMudan\u00e7as inesperadas poder\u00e3o surgir, exigindo mais flexibilidade e adapta\u00e7\u00e3o dos nativos de G\u00eameos <img decoding=\"async\" src=\"https:\/\/www.europesays.com\/pt\/wp-content\/uploads\/2025\/11\/1763568626_509_gemeos-3-1024x683.jpg\" class=\"img-responsive type:primaryImage\"\/>Imagem: Depiano | Shutterstock<\/p>\n<p>Hoje, voc\u00ea poder\u00e1 sentir uma mistura de intensidade emocional e vontade de inovar na rotina e no trabalho. Mudan\u00e7as inesperadas poder\u00e3o surgir, exigindo mais flexibilidade e adapta\u00e7\u00e3o. Ser\u00e1 um dia favor\u00e1vel para revisar h\u00e1bitos, cuidar melhor da sua sa\u00fade e buscar solu\u00e7\u00f5es criativas para os desafios di\u00e1rios \u2014 desde que voc\u00ea evite agir por impulso.<\/p>\n<p><strong>C\u00e2ncer<\/strong><br \/>\nA quarta-feira ser\u00e1 favor\u00e1vel para os nativos de C\u00e2ncer se conectarem com o que traz alegria <img decoding=\"async\" src=\"https:\/\/www.europesays.com\/pt\/wp-content\/uploads\/2025\/11\/1763568627_521_cancer-3-1024x683.jpg\" class=\"img-responsive type:primaryImage\"\/>Imagem: Depiano | Shutterstock<\/p>\n<p>Hoje, voc\u00ea sentir\u00e1 uma energia mais intensa e criativa, especialmente relacionada a prazeres, <strong>romances <\/strong>e formas de express\u00e3o pessoal. No entanto, poder\u00e3o surgir surpresas que afetar\u00e3o seus sentimentos, exigindo mais flexibilidade e aten\u00e7\u00e3o \u00e0s suas rea\u00e7\u00f5es. Ser\u00e1 um dia para se conectar com o que traz alegria; contudo, tenha cuidado com impulsos e decis\u00f5es precipitadas.<\/p>\n<p><strong>Le\u00e3o<\/strong><br \/>\nOs assuntos familiares ganhar\u00e3o destaque na quarta-feira dos nativos de Le\u00e3o <img decoding=\"async\" src=\"https:\/\/www.europesays.com\/pt\/wp-content\/uploads\/2025\/11\/leao-4-1024x683.jpg\" class=\"img-responsive type:primaryImage\"\/>Imagem: Depiano | Shutterstock<\/p>\n<p>Nesta quarta-feira, voc\u00ea se envolver\u00e1 com os assuntos do lar e da fam\u00edlia. No processo, poder\u00e3o surgir situa\u00e7\u00f5es inesperadas, o que exigir\u00e1 adapta\u00e7\u00e3o. Ser\u00e1 um dia importante para fortalecer os v\u00ednculos familiares e harmonizar a sua casa. Inclusive, as conversas sinceras, o autocuidado e a aten\u00e7\u00e3o \u00e0s necessidades de quem ama trar\u00e3o mais equil\u00edbrio.<\/p>\n<p><strong>Virgem<\/strong><br \/>\nOs nativos de Virgem poder\u00e3o organizar os pensamentos e expressar os sentimentos com mais clareza <img decoding=\"async\" src=\"https:\/\/www.europesays.com\/pt\/wp-content\/uploads\/2025\/11\/1763568628_733_virgem-3-1024x683.jpg\" class=\"img-responsive type:primaryImage\"\/>Imagem: Depiano | Shutterstock<\/p>\n<p>Nesta quarta-feira, sua mente estar\u00e1 mais agitada e voc\u00ea sentir\u00e1 um grande desejo de se comunicar. Contudo, mudan\u00e7as inesperadas poder\u00e3o exigir mais flexibilidade e adapta\u00e7\u00e3o. Ser\u00e1 um dia favor\u00e1vel para revisar informa\u00e7\u00f5es,<strong> organizar pensamentos <\/strong>e expressar seus sentimentos com clareza. Entretanto, ser\u00e1 importante manter aten\u00e7\u00e3o para evitar rea\u00e7\u00f5es impulsivas.<\/p>\n<p><strong>Libra<\/strong><br \/>\nAs conversas dos nativos de Libra poder\u00e3o estar carregadas de emo\u00e7\u00e3o e profundidade <img decoding=\"async\" src=\"https:\/\/www.europesays.com\/pt\/wp-content\/uploads\/2025\/11\/1763568629_279_libra-3-1024x683.jpg\" class=\"img-responsive type:primaryImage\"\/>Imagem: Depiano | Shutterstock<\/p>\n<p>Voc\u00ea poder\u00e1 sentir uma intensidade maior ao se comunicar, com conversas carregadas de emo\u00e7\u00e3o e profundidade. Por outro lado, surpresas ou mudan\u00e7as inesperadas poder\u00e3o surgir, pedindo paci\u00eancia e flexibilidade, sobretudo em intera\u00e7\u00f5es com pessoas pr\u00f3ximas. Em resumo, ser\u00e1 um dia importante para expressar os sentimentos, esclarecer mal-entendidos e fortalecer as conex\u00f5es por meio da empatia.<\/p>\n<p><strong>Escorpi\u00e3o<\/strong><br \/>\nOs nativos de Escorpi\u00e3o poder\u00e3o revisar gastos, negociar os recursos e refletir sobre as prioridades materiais e emocionais <img decoding=\"async\" src=\"https:\/\/www.europesays.com\/pt\/wp-content\/uploads\/2025\/11\/1763568629_97_escorpiao-3-1024x683.jpg\" class=\"img-responsive type:primaryImage\"\/>Imagem: Depiano | Shutterstock<\/p>\n<p>Uma intensidade emocional ligada \u00e0s <strong>finan\u00e7as <\/strong>e valores pessoais tender\u00e1 a estar presente. Nesse cen\u00e1rio, poder\u00e3o surgir situa\u00e7\u00f5es inesperadas que exigir\u00e3o flexibilidade. Ao longo do dia, o ideal ser\u00e1 revisar os gastos, negociar recursos e refletir sobre as suas prioridades materiais e emocionais, evitando decis\u00f5es impulsivas e buscando o equil\u00edbrio entre desejo e necessidade.<\/p>\n<p><strong>Sagit\u00e1rio<\/strong><br \/>\nA medita\u00e7\u00e3o, o autocuidado e as atividades que tragam paz interior ajudar\u00e3o os nativos de Sagit\u00e1rio ao longo do dia <img decoding=\"async\" src=\"https:\/\/www.europesays.com\/pt\/wp-content\/uploads\/2025\/11\/1763568630_452_sagitario-3-1024x683.jpg\" class=\"img-responsive type:primaryImage\"\/>Imagem: Depiano | Shutterstock<\/p>\n<p>Voc\u00ea tender\u00e1 a estar mais sens\u00edvel e introspectivo(a). Logo, ser\u00e1 importante refletir sobre as emo\u00e7\u00f5es mais profundas e assuntos que estavam ocultos. Procure dedicar-se \u00e0 medita\u00e7\u00e3o, ao autocuidado e a atividades que tragam paz interior, pois isso ajudar\u00e1 voc\u00ea a encontrar mais equil\u00edbrio. Rela\u00e7\u00f5es pr\u00f3ximas talvez precisem de mais empatia e compreens\u00e3o.<\/p>\n<p><strong>Capric\u00f3rnio<\/strong><br \/>\nOs nativos de Capric\u00f3rnio sentir\u00e3o uma conex\u00e3o emocional intensa com os amigos e os projetos coletivos <img decoding=\"async\" src=\"https:\/\/www.europesays.com\/pt\/wp-content\/uploads\/2025\/11\/1763568631_893_capricornio-3-1024x683.jpg\" class=\"img-responsive type:primaryImage\"\/>Imagem: Depiano | Shutterstock<\/p>\n<p>Voc\u00ea sentir\u00e1 uma conex\u00e3o emocional intensa com os <strong>amigos <\/strong>e projetos coletivos, o que despertar\u00e1 a import\u00e2ncia dos v\u00ednculos sinceros e do apoio m\u00fatuo. Ser\u00e1 um dia favor\u00e1vel para compartilhar ideias e fortalecer os la\u00e7os. Por\u00e9m, dever\u00e1 tomar cuidado com as expectativas exageradas ou com as tens\u00f5es. Ao longo desta quarta-feira, a comunica\u00e7\u00e3o clara o(a) ajudar\u00e1 a transformar desafios em aprendizados.<\/p>\n<p><strong>Aqu\u00e1rio<\/strong><br \/>\nOs relacionamentos dos nativos de Aqu\u00e1rio possivelmente ganhar\u00e3o mais profundidade <img decoding=\"async\" src=\"https:\/\/www.europesays.com\/pt\/wp-content\/uploads\/2025\/11\/1763568631_78_aquario-3-1024x683.jpg\" class=\"img-responsive type:primaryImage\"\/>Imagem: Depiano | Shutterstock<\/p>\n<p>As emo\u00e7\u00f5es intensas poder\u00e3o afetar a carreira e os relacionamentos. Nesse contexto, haver\u00e1 a chance de boas oportunidades profissionais, mas que exigir\u00e3o foco e coragem. Por sua vez, os relacionamentos pr\u00f3ximos possivelmente ganhar\u00e3o mais profundidade, trazendo momentos de conex\u00e3o e compreens\u00e3o m\u00fatua.<\/p>\n<p><strong>Peixes<\/strong><br \/>\nOs nativos de Peixes buscar\u00e3o experi\u00eancias que expandam a vis\u00e3o de mundo, seja por meio de estudos, viagens ou conversas profundas <img decoding=\"async\" src=\"https:\/\/www.europesays.com\/pt\/wp-content\/uploads\/2025\/11\/1763568632_171_peixes-3-1024x683.jpg\" class=\"img-responsive type:primaryImage\"\/>Imagem: Depiano | Shutterstock<\/p>\n<p>Voc\u00ea buscar\u00e1 experi\u00eancias que expandam a sua vis\u00e3o de mundo, seja por meio de<strong> <\/strong>estudos, <strong>viagens<\/strong> ou conversas profundas. No processo, a sua intui\u00e7\u00e3o estar\u00e1 agu\u00e7ada, o(a) ajudando a perceber oportunidades que antes passavam despercebidas. De modo geral, ser\u00e1 um bom dia para alinhar valores pessoais com os objetivos e explorar novas ideias.<\/p>\n","protected":false},"excerpt":{"rendered":"As energias desta quarta-feira trar\u00e3o oportunidades de renova\u00e7\u00e3o, mas tamb\u00e9m exigir\u00e3o cautela com as rea\u00e7\u00f5es impulsivas Imagem: paseven&hellip;\n","protected":false},"author":2,"featured_media":157807,"comment_status":"","ping_status":"","sticky":false,"template":"","format":"standard","meta":{"footnotes":""},"categories":[141],"tags":[114,115,149,150,32,33],"class_list":{"0":"post-157806","1":"post","2":"type-post","3":"status-publish","4":"format-standard","5":"has-post-thumbnail","7":"category-musica","8":"tag-entertainment","9":"tag-entretenimento","10":"tag-music","11":"tag-musica","12":"tag-portugal","13":"tag-pt"},"share_on_mastodon":{"url":"https:\/\/pubeurope.com\/@pt\/115577240259174359","error":""},"_links":{"self":[{"href":"https:\/\/www.europesays.com\/pt\/wp-json\/wp\/v2\/posts\/157806","targetHints":{"allow":["GET"]}}],"collection":[{"href":"https:\/\/www.europesays.com\/pt\/wp-json\/wp\/v2\/posts"}],"about":[{"href":"https:\/\/www.europesays.com\/pt\/wp-json\/wp\/v2\/types\/post"}],"author":[{"embeddable":true,"href":"https:\/\/www.europesays.com\/pt\/wp-json\/wp\/v2\/users\/2"}],"replies":[{"embeddable":true,"href":"https:\/\/www.europesays.com\/pt\/wp-json\/wp\/v2\/comments?post=157806"}],"version-history":[{"count":0,"href":"https:\/\/www.europesays.com\/pt\/wp-json\/wp\/v2\/posts\/157806\/revisions"}],"wp:featuredmedia":[{"embeddable":true,"href":"https:\/\/www.europesays.com\/pt\/wp-json\/wp\/v2\/media\/157807"}],"wp:attachment":[{"href":"https:\/\/www.europesays.com\/pt\/wp-json\/wp\/v2\/media?parent=157806"}],"wp:term":[{"taxonomy":"category","embeddable":true,"href":"https:\/\/www.europesays.com\/pt\/wp-json\/wp\/v2\/categories?post=157806"},{"taxonomy":"post_tag","embeddable":true,"href":"https:\/\/www.europesays.com\/pt\/wp-json\/wp\/v2\/tags?post=157806"}],"curies":[{"name":"wp","href":"https:\/\/api.w.org\/{rel}","templated":true}]}}