{"id":157812,"date":"2025-11-19T16:15:12","date_gmt":"2025-11-19T16:15:12","guid":{"rendered":"https:\/\/www.europesays.com\/pt\/157812\/"},"modified":"2025-11-19T16:15:12","modified_gmt":"2025-11-19T16:15:12","slug":"a-terra-ja-teve-mais-satelites-do-que-se-imagina","status":"publish","type":"post","link":"https:\/\/www.europesays.com\/pt\/157812\/","title":{"rendered":"a Terra j\u00e1 teve mais sat\u00e9lites do que se imagina"},"content":{"rendered":"<p> <img decoding=\"async\" fetchpriority=\"high\" src=\"https:\/\/www.europesays.com\/pt\/wp-content\/uploads\/2025\/11\/los-otros-acompanantes-de-la-tierra-cuasi-satelites-y-mini-lunas-1763464690230_1024.jpg\"  width=\"768\" height=\"432\" alt=\"Quase-sat\u00e9lite PN7\" title=\"Quase-sat\u00e9lite PN7\" data-image=\"pyjjleoz56zn\"\/>PN7, o novo quase-sat\u00e9lite terrestre, acompanha a Terra em uma \u00f3rbita que engana a vista: parece uma pequena lua, mas na realidade segue o seu pr\u00f3prio caminho em torno do Sol. Imagem: JPL\/NASA.   <img decoding=\"async\" fetchpriority=\"high\" src=\"https:\/\/www.europesays.com\/pt\/wp-content\/uploads\/2025\/11\/belen-valdehita.jpg\" alt=\"Bel\u00e9n Valdehita\" width=\"40\" height=\"40\"\/>    <a class=\"nombre text-hv\" href=\"https:\/\/www.tempo.pt\/autor\/belen-valdehita\/\" title=\"Bel\u00e9n Valdehita\" rel=\"nofollow noopener\" target=\"_blank\">Bel\u00e9n Valdehita<\/a> Meteored Espanha        19\/11\/2025 12:55   7 min   <\/p>\n<p>Durante anos difundiu-se a ideia de que a Lua \u00e9 a \u00fanica companheira est\u00e1vel do nosso planeta, mas os registros astron\u00f4micos nos contam outra hist\u00f3ria. O<strong> tr\u00e2nsito de pequenos corpos na zona interior do sistema solar <\/strong>\u00e9 muito maior do que a maioria das pessoas imagina.<\/p>\n<p>Embora deixem<strong> poucos vest\u00edgios vis\u00edveis<\/strong>, estes objetos <strong>seguem padr\u00f5es curiosos em torno da Terra<\/strong>. A sua presen\u00e7a mostra que o espa\u00e7o pr\u00f3ximo \u00e9 mais ativo do que sugerem as antigas representa\u00e7\u00f5es est\u00e1ticas dos livros escolares.<\/p>\n<p>O que s\u00e3o os quase-sat\u00e9lites e as mini-luas?<\/p>\n<p>A <strong>descoberta de um objeto recentemente rotulado de \u201cquase-sat\u00e9lite\u201d<\/strong> reabriu o debate sobre a atividade na regi\u00e3o que compartilhamos com a Lua. O corpo, agora chamado<strong> PN7<\/strong>, move-se em uma trajet\u00f3ria solar muito particular. Mant\u00e9m um ritmo que o faz <strong>acompanhar a Terra sem ficar preso pela sua gravidade<\/strong>. Este pormenor cria a impress\u00e3o de que est\u00e1 tra\u00e7ando um c\u00edrculo permanente \u00e0 nossa volta, embora na realidade n\u00e3o seja esse o caso.<\/p>\n<blockquote class=\"twitter-tweet\">\n<p lang=\"es\" dir=\"ltr\"><a href=\"https:\/\/twitter.com\/dani3palaciosdj?ref_src=twsrc%5Etfw\" rel=\"nofollow noopener\" target=\"_blank\">@dani3palaciosdj<\/a> <a href=\"https:\/\/twitter.com\/danieldazatv?ref_src=twsrc%5Etfw\" rel=\"nofollow noopener\" target=\"_blank\">@danieldazatv<\/a> <a href=\"https:\/\/twitter.com\/hashtag\/ESTOYCONELCARTEL?src=hash&amp;ref_src=twsrc%5Etfw\" rel=\"nofollow noopener\" target=\"_blank\">#ESTOYCONELCARTEL<\/a> Existe la historia de la presencia de otros sat\u00e9lites naturales de la Tierra adem\u00e1s de la Luna en \u00f3rbitas en resonancia con nuestro planeta: Los Cuasi Sat\u00e9lites como Cruithne (3753), orbitan al Sol en resonancia 1:1 con la Tierra. <a href=\"https:\/\/t.co\/nyThQgYQoj\" rel=\"nofollow\">pic.twitter.com\/nyThQgYQoj<\/a><\/p>\n<p>\u2014 Alba Salcedo Caldas (@AlbaSalcedoCald) <a href=\"https:\/\/twitter.com\/AlbaSalcedoCald\/status\/1064364226742026240?ref_src=twsrc%5Etfw\" rel=\"nofollow noopener\" target=\"_blank\">November 19, 2018<\/a><\/p><\/blockquote>\n<p> O astr\u00f4nomo Ben Sharkey, depois de ouvir falar do PN7, reagiu com \u201cOh, \u00f3timo, mais um\u201d. O seu coment\u00e1rio resume a forma como<strong> estes visitantes se tornaram um fen\u00f4meno relativamente comum<\/strong>. Nem todos seguem o mesmo padr\u00e3o, mas muitos descrevem ciclos em que ultrapassam a Terra e depois parecem ficar para tr\u00e1s. Este &#8216;vai-e-vem&#8217; produz a ilus\u00e3o de que a nossa \u00f3rbita est\u00e1 mais cheia do que vemos a olho nu.<\/p>\n<p>Existem tamb\u00e9m <strong>as chamadas mini-luas, que est\u00e3o temporariamente sujeitas \u00e0 atra\u00e7\u00e3o gravitacional da Terra<\/strong>. Permanecem durante um curto per\u00edodo de tempo antes de continuarem a sua viagem solar. O seu tamanho \u00e9 geralmente t\u00e3o pequeno que quase n\u00e3o refletem luz. \u00c9 por isso que necessitam de instrumentos muito sens\u00edveis para serem confirmadas. Mesmo assim, estes epis\u00f3dios revelam qu\u00e3o mut\u00e1vel \u00e9 o ambiente pr\u00f3ximo do planeta. <\/p>\n<p>Como funcionam os quase-sat\u00e9lites e as mini-luas<\/p>\n<p>Os <strong>quase-sat\u00e9lites<\/strong> n\u00e3o se movem como a Lua, eles <strong>seguem trajet\u00f3rias sob a influ\u00eancia principal do Sol<\/strong>. Mesmo assim, em certos tro\u00e7os, coincidem com a Terra durante anos ou d\u00e9cadas. Esta sincronia cria liga\u00e7\u00f5es fracas mas repetidas. Os registros mostram que o <strong>PN7 iniciou este padr\u00e3o em meados dos anos 60<\/strong>, quando ningu\u00e9m imaginava que viria a fazer parte dos estudos atuais. <\/p>\n<p><img loading=\"lazy\" decoding=\"async\" fetchpriority=\"low\" class=\"lazy \" src=\"https:\/\/www.europesays.com\/pt\/wp-content\/uploads\/2025\/11\/maxresdefault.jpg\"  width=\"768\" height=\"432\" alt=\"youtube video id=Fo__BEImTJg\" id=\"Fo__BEImTJg\"\/><\/p>\n<p>Outros corpos mant\u00eam esta rela\u00e7\u00e3o por per\u00edodos mais longos. <strong>O Kamo\u02bboalewa, conhecido desde 2016, est\u00e1 neste ciclo h\u00e1 um s\u00e9culo e vai se manter durante v\u00e1rias centenas de anos<\/strong>. \u00c9 um dos casos mais est\u00e1veis e a sua composi\u00e7\u00e3o parece muito diferente da maioria dos corpos pr\u00f3ximos. Estudos anteriores mostraram que a sua superf\u00edcie faz lembrar material lunar, o que levou a hip\u00f3teses sobre uma poss\u00edvel origem relacionada com fragmentos desprendidos do nosso sat\u00e9lite.<\/p>\n<p>As <strong>mini-luas<\/strong> seguem uma l\u00f3gica diferente. Elas <strong>se aproximam, ficam presas durante algum tempo e v\u00e3o embora<\/strong>. At\u00e9 hoje, s\u00f3 foram confirmadas quatro. A \u00faltima esteve conosco durante alguns meses. O seu tamanho, semelhante ao de um autom\u00f3vel popular (carro), nos permitiu fazer observa\u00e7\u00f5es mais claras. Mesmo assim, a maior parte deles s\u00e3o t\u00e3o pequenos que passam despercebidos. Isto explica porque, a qualquer momento, pode haver v\u00e1rios orbitando brevemente sem que saibamos.<\/p>\n<p>Poss\u00edvel origem e futuro destes falsos sat\u00e9lites<\/p>\n<p>A <strong>origem destes corpos n\u00e3o est\u00e1 totalmente clara<\/strong>. Muitos podem ser asteroides alterados pela for\u00e7a gravitacional de J\u00fapiter e desviados para o interior. Outros podem ter tido origem na nossa pr\u00f3pria Lua. Impactos passados teriam ejetado fragmentos que, ao longo do tempo, foram deixados em trajet\u00f3rias particulares. <strong>Em 2018, foram descritas \u201cluas fantasmas\u201d, formadas por nuvens de poeira que se deslocam em zonas est\u00e1veis junto ao sistema Terra-Lua<\/strong>.<\/p>\n<blockquote class=\"twitter-tweet\">\n<p lang=\"es\" dir=\"ltr\"><a href=\"https:\/\/twitter.com\/hashtag\/WOW?src=hash&amp;ref_src=twsrc%5Etfw\" rel=\"nofollow noopener\" target=\"_blank\">#WOW<\/a> | Las cuasi lunas no son lo mismo que las mini <a href=\"https:\/\/twitter.com\/hashtag\/lunas?src=hash&amp;ref_src=twsrc%5Etfw\" rel=\"nofollow noopener\" target=\"_blank\">#lunas<\/a>, aqu\u00ed te explicamos la diferencia entre ellas <a href=\"https:\/\/t.co\/GEajwZfBIH\" rel=\"nofollow\">pic.twitter.com\/GEajwZfBIH<\/a><\/p>\n<p>\u2014 Heraldo Binario (@heraldobinario) <a href=\"https:\/\/twitter.com\/heraldobinario\/status\/1886929596534108235?ref_src=twsrc%5Etfw\" rel=\"nofollow noopener\" target=\"_blank\">February 5, 2025<\/a><\/p><\/blockquote>\n<p>A<strong> China est\u00e1 preparando uma miss\u00e3o para chegar a Kamo\u02bboalewa<\/strong> no pr\u00f3ximo ver\u00e3o. O objetivo \u00e9 trazer de volta material para estudar diretamente a sua origem. Essa an\u00e1lise ajudar\u00e1 a<strong> explicar se estes corpos surgiram <\/strong><strong>perto <\/strong><strong>da Terra, se s\u00e3o restos de colis\u00f5es antigas <\/strong>ou se representam uma popula\u00e7\u00e3o de objetos que sobreviveram desde as primeiras fases do sistema solar.<\/p>\n<p>Os avan\u00e7os na tecnologia de detec\u00e7\u00e3o tornar\u00e3o poss\u00edvel a localiza\u00e7\u00e3o de muitos outros. Instala\u00e7\u00f5es como o Observat\u00f3rio Vera C. Rubin, no Chile, fornecer\u00e3o um volume de dados sem precedentes. Isto tornar\u00e1 mais f\u00e1cil <strong>seguir os movimentos de corpos min\u00fasculos que anteriormente passavam despercebidos<\/strong>. <\/p>\n<p><a class=\"imagen \" href=\"https:\/\/www.tempo.pt\/noticias\/astronomia\/como-a-lua-afeta-as-mares-a-explicacao-cientifica.html\" title=\"Como a Lua afeta as mar\u00e9s: a explica\u00e7\u00e3o cient\u00edfica\" rel=\"nofollow noopener\" target=\"_blank\"><img loading=\"lazy\" decoding=\"async\" fetchpriority=\"low\" class=\"lazy img-body non-editable\" src=\"https:\/\/www.europesays.com\/pt\/wp-content\/uploads\/2025\/11\/como-influye-la-luna-en-las-mareas-la-explicacion-cientifica-1760989610478_320.jpeg\"  width=\"320\" height=\"225\" alt=\"Como a Lua afeta as mar\u00e9s: a explica\u00e7\u00e3o cient\u00edfica\"\/><\/a><\/p>\n<p>Embora a Terra n\u00e3o possa manter permanentemente uma segunda lua verdadeira, viver\u00e1 com mais visitantes como PN7. Eles nos lembrar\u00e3o que, mesmo com um \u00fanico sat\u00e9lite est\u00e1vel, <strong>raramente estamos completamente s\u00f3s na nossa viagem \u00e0 volta do Sol<\/strong>.<\/p>\n<p> <script async src=\"https:\/\/platform.twitter.com\/widgets.js\" charset=\"utf-8\"><\/script><\/p>\n","protected":false},"excerpt":{"rendered":"PN7, o novo quase-sat\u00e9lite terrestre, acompanha a Terra em uma \u00f3rbita que engana a vista: parece uma pequena&hellip;\n","protected":false},"author":2,"featured_media":157813,"comment_status":"","ping_status":"","sticky":false,"template":"","format":"standard","meta":{"footnotes":""},"categories":[84],"tags":[443,109,107,108,2179,33800,32,33,33801,33802,105,103,104,106,110],"class_list":{"0":"post-157812","1":"post","2":"type-post","3":"status-publish","4":"format-standard","5":"has-post-thumbnail","7":"category-ciencia-e-tecnologia","8":"tag-astronomia","9":"tag-ciencia","10":"tag-ciencia-e-tecnologia","11":"tag-cienciaetecnologia","12":"tag-lua","13":"tag-mini-lua","14":"tag-portugal","15":"tag-pt","16":"tag-quase-satelite","17":"tag-satelites-naturais","18":"tag-science","19":"tag-science-and-technology","20":"tag-scienceandtechnology","21":"tag-technology","22":"tag-tecnologia"},"share_on_mastodon":{"url":"https:\/\/pubeurope.com\/@pt\/115577259976142222","error":""},"_links":{"self":[{"href":"https:\/\/www.europesays.com\/pt\/wp-json\/wp\/v2\/posts\/157812","targetHints":{"allow":["GET"]}}],"collection":[{"href":"https:\/\/www.europesays.com\/pt\/wp-json\/wp\/v2\/posts"}],"about":[{"href":"https:\/\/www.europesays.com\/pt\/wp-json\/wp\/v2\/types\/post"}],"author":[{"embeddable":true,"href":"https:\/\/www.europesays.com\/pt\/wp-json\/wp\/v2\/users\/2"}],"replies":[{"embeddable":true,"href":"https:\/\/www.europesays.com\/pt\/wp-json\/wp\/v2\/comments?post=157812"}],"version-history":[{"count":0,"href":"https:\/\/www.europesays.com\/pt\/wp-json\/wp\/v2\/posts\/157812\/revisions"}],"wp:featuredmedia":[{"embeddable":true,"href":"https:\/\/www.europesays.com\/pt\/wp-json\/wp\/v2\/media\/157813"}],"wp:attachment":[{"href":"https:\/\/www.europesays.com\/pt\/wp-json\/wp\/v2\/media?parent=157812"}],"wp:term":[{"taxonomy":"category","embeddable":true,"href":"https:\/\/www.europesays.com\/pt\/wp-json\/wp\/v2\/categories?post=157812"},{"taxonomy":"post_tag","embeddable":true,"href":"https:\/\/www.europesays.com\/pt\/wp-json\/wp\/v2\/tags?post=157812"}],"curies":[{"name":"wp","href":"https:\/\/api.w.org\/{rel}","templated":true}]}}